{"id":1263,"date":"2026-01-03T21:51:07","date_gmt":"2026-01-03T21:51:07","guid":{"rendered":"https:\/\/www.europesays.com\/africa\/1263\/"},"modified":"2026-01-03T21:51:07","modified_gmt":"2026-01-03T21:51:07","slug":"voila-pourquoi-boulbina-nest-pas-entre-en-jeu","status":"publish","type":"post","link":"https:\/\/www.europesays.com\/africa\/1263\/","title":{"rendered":"Voil\u00e0 pourquoi Boulbina n&#8217;est pas entr\u00e9 en jeu"},"content":{"rendered":"<p style=\"text-align: justify;\" data-start=\"0\" data-end=\"243\">Rest\u00e9 sur le banc lors de la victoire de l\u2019Alg\u00e9rie face \u00e0 la Guin\u00e9e \u00e9quatoriale, mercredi (3-1), Adil Boulbina n\u2019a nullement fait l\u2019objet d\u2019une quelconque sanction disciplinaire, contrairement \u00e0 ce que certaines rumeurs ont voulu faire croire.<\/p>\n<p style=\"text-align: justify;\" data-start=\"245\" data-end=\"580\">Selon des sources fiables, l\u2019attaquant d\u2019Al-Duhail figurait bel et bien dans les plans de Vladimir Petkovic et devait faire son entr\u00e9e en cours de rencontre. Le s\u00e9lectionneur national avait d\u2019ailleurs annonc\u00e9 une large revue d\u2019effectif, l\u2019Alg\u00e9rie ayant assur\u00e9 sa qualification d\u00e8s le deuxi\u00e8me match de poule face au Burkina Faso (1-0).<\/p>\n<p style=\"text-align: justify;\" data-start=\"582\" data-end=\"923\">Mais le sc\u00e9nario du match est venu bouleverser ces intentions. La blessure de Mohamed-Amine Touga\u00ef et sa sortie pr\u00e9matur\u00e9e ont contraint Petkovic \u00e0 revoir ses plans. Le technicien helv\u00e9tico-bosnien a ainsi d\u00fb lancer A\u00efssa Mandi plus t\u00f4t que pr\u00e9vu, alors que ce dernier \u00e9tait cens\u00e9 souffler apr\u00e8s deux rencontres particuli\u00e8rement \u00e9prouvantes.<\/p>\n<p style=\"text-align: justify;\" data-start=\"925\" data-end=\"1203\">Un simple fait de jeu, donc, qui aura co\u00fbt\u00e9 \u00e0 Adil Boulbina quelques minutes de temps de jeu suppl\u00e9mentaires dans cette CAN. Rien de plus. Pour rappel, l\u2019ancien buteur du Paradou AC s\u2019\u00e9tait illustr\u00e9 lors du premier match face au Soudan, signant une entr\u00e9e en jeu tr\u00e8s remarqu\u00e9e.<\/p>\n<p style=\"text-align: justify;\" data-start=\"1205\" data-end=\"1460\" data-is-last-node=\"\" data-is-only-node=\"\">Son absence sur la feuille de match active contre la Guin\u00e9e \u00e9quatoriale a pourtant aliment\u00e9 des sp\u00e9culations infond\u00e9es, \u00e9voquant une mise \u00e0 l\u2019\u00e9cart disciplinaire d\u00e9cid\u00e9e par Petkovic. Une th\u00e8se totalement erron\u00e9e, d\u00e9mentie par l\u2019entourage de la s\u00e9lection.<\/p>\n<p>LIRE EGALEMENT : <a href=\"https:\/\/lagazettedufennec.com\/can-2025-algerie-mahrez-et-mandi-nouveau-record-en-vue\/\" rel=\"nofollow noopener\" target=\"_blank\">CAN 2025\/Alg\u00e9rie : Mahrez et Mandi, nouveau record en vue<\/a><\/p>\n","protected":false},"excerpt":{"rendered":"Rest\u00e9 sur le banc lors de la victoire de l\u2019Alg\u00e9rie face \u00e0 la Guin\u00e9e \u00e9quatoriale, mercredi (3-1), Adil&hellip;\n","protected":false},"author":2,"featured_media":1264,"comment_status":"","ping_status":"","sticky":false,"template":"","format":"standard","meta":{"footnotes":""},"categories":[254],"tags":[1452,255,1453,1454,1455,1456],"class_list":{"0":"post-1263","1":"post","2":"type-post","3":"status-publish","4":"format-standard","5":"has-post-thumbnail","7":"category-algerie","8":"tag-adil-boulbina","9":"tag-algerie","10":"tag-boulbina","11":"tag-boulbina-algu00e9rie","12":"tag-boulbina-algu00e9rie-can","13":"tag-boulbina-can-2025"},"share_on_mastodon":{"url":"","error":""},"_links":{"self":[{"href":"https:\/\/www.europesays.com\/africa\/wp-json\/wp\/v2\/posts\/1263","targetHints":{"allow":["GET"]}}],"collection":[{"href":"https:\/\/www.europesays.com\/africa\/wp-json\/wp\/v2\/posts"}],"about":[{"href":"https:\/\/www.europesays.com\/africa\/wp-json\/wp\/v2\/types\/post"}],"author":[{"embeddable":true,"href":"https:\/\/www.europesays.com\/africa\/wp-json\/wp\/v2\/users\/2"}],"replies":[{"embeddable":true,"href":"https:\/\/www.europesays.com\/africa\/wp-json\/wp\/v2\/comments?post=1263"}],"version-history":[{"count":0,"href":"https:\/\/www.europesays.com\/africa\/wp-json\/wp\/v2\/posts\/1263\/revisions"}],"wp:featuredmedia":[{"embeddable":true,"href":"https:\/\/www.europesays.com\/africa\/wp-json\/wp\/v2\/media\/1264"}],"wp:attachment":[{"href":"https:\/\/www.europesays.com\/africa\/wp-json\/wp\/v2\/media?parent=1263"}],"wp:term":[{"taxonomy":"category","embeddable":true,"href":"https:\/\/www.europesays.com\/africa\/wp-json\/wp\/v2\/categories?post=1263"},{"taxonomy":"post_tag","embeddable":true,"href":"https:\/\/www.europesays.com\/africa\/wp-json\/wp\/v2\/tags?post=1263"}],"curies":[{"name":"wp","href":"https:\/\/api.w.org\/{rel}","templated":true}]}}