{"id":12643,"date":"2026-01-09T06:44:06","date_gmt":"2026-01-09T06:44:06","guid":{"rendered":"https:\/\/www.europesays.com\/africa\/12643\/"},"modified":"2026-01-09T06:44:06","modified_gmt":"2026-01-09T06:44:06","slug":"venezuela-lafrique-dit-non-a-washington","status":"publish","type":"post","link":"https:\/\/www.europesays.com\/africa\/12643\/","title":{"rendered":"Venezuela : l&#8217;Afrique dit \u00ab\u00a0non\u00a0\u00bb \u00e0 Washington"},"content":{"rendered":"<p>            <a href=\"https:\/\/www.europesays.com\/africa\/wp-content\/uploads\/2026\/01\/Manifestation-pro-Maduro.jpg\" data-caption=\"Manifestation contre l'enl\u00e8vement de Maduro en Afrique du Sud, le 8 janvier 2026. \"><img loading=\"lazy\" decoding=\"async\" width=\"590\" height=\"590\" class=\"entry-thumb td-modal-image\" src=\"https:\/\/www.europesays.com\/africa\/wp-content\/uploads\/2026\/01\/Manifestation-pro-Maduro.jpg\"   alt=\"\" title=\"Manifestation pro-Maduro.\"\/><\/a>Manifestation contre l&#8217;enl\u00e8vement de Maduro en Afrique du Sud, le 8 janvier 2026. <\/p>\n<p>L\u2019attaque am\u00e9ricaine du 3 janvier contre le Venezuela a provoqu\u00e9 des r\u00e9actions africaines surprenantes, r\u00e9v\u00e9latrices d\u2019un monde en proie \u00e0 de profonds bouleversements.<\/p>\n<p>La r\u00e9action la plus inattendue \u00e0 l\u2019op\u00e9ration am\u00e9ricaine \u00e0 Caracas est sans aucun doute celle de la Cedeao. Peu habitu\u00e9e \u00e0 commenter les crises politiques internationales, l\u2019organisation sous-r\u00e9gionale ouest-africaine a fermement condamn\u00e9 les r\u00e9cents d\u00e9veloppements au Venezuela : \u00ab La Cedeao souhaite rappeler \u00e0 la communaut\u00e9 internationale son obligation de respecter la souverainet\u00e9 et l\u2019int\u00e9grit\u00e9 territoriale de chaque \u00c9tat, comme consacr\u00e9 par le droit international. \u00bb Elle a ensuite exprim\u00e9 sa solidarit\u00e9 avec le peuple v\u00e9n\u00e9zu\u00e9lien et exhort\u00e9 tous les \u00c9tats \u00e0 respecter l\u2019ind\u00e9pendance et la souverainet\u00e9 du Venezuela.<\/p>\n<p data-start=\"1029\" data-end=\"1425\">Certes, le langage est mesur\u00e9 et diplomatique ; n\u00e9anmoins, il traduit une crispation plus profonde, nourrie par le pr\u00e9c\u00e9dent des frappes am\u00e9ricaines du 25 d\u00e9cembre sur le Nigeria, v\u00e9cues dans la r\u00e9gion comme un signal inqui\u00e9tant. En s\u2019exprimant ainsi, la Cedeao, pourtant traditionnellement align\u00e9e avec le camp occidental, critique s\u00e9v\u00e8rement son alli\u00e9 am\u00e9ricain et se place du c\u00f4t\u00e9 de la Chine.<\/p>\n<p data-start=\"1427\" data-end=\"1797\">\u00c0 l\u2019inverse, la condamnation de l\u2019Afrique du Sud s\u2019inscrit dans une stricte continuit\u00e9. Pretoria, fid\u00e8le \u00e0 sa doctrine de non-ing\u00e9rence et de respect du droit international, a \u00e9t\u00e9 la premi\u00e8re \u00e0 d\u00e9noncer une violation de la Charte de l\u2019ONU et \u00e0 demander la tenue d\u2019une r\u00e9union du Conseil de s\u00e9curit\u00e9. Il en va de m\u00eame pour l\u2019Union africaine, attach\u00e9e aux m\u00eames principes.<\/p>\n<p>L\u2019Alliance des \u00c9tats du Sahel a condamn\u00e9 encore plus fermement cet \u00ab acte d\u2019agression \u00bb. Les trois pays membres de l\u2019AES ont \u00e9galement d\u00e9nonc\u00e9 le \u00ab recours unilat\u00e9ral \u00e0 la force \u00bb et regrett\u00e9 \u00ab la violation du droit international par un membre du Conseil de s\u00e9curit\u00e9 \u00bb.<\/p>\n<p data-start=\"1799\" data-end=\"2156\">Dans un autre registre, la r\u00e9action du Somaliland a \u00e9t\u00e9 tout aussi surprenante. Cette r\u00e9publique autoproclam\u00e9e, non reconnue internationalement, qui s\u2019est r\u00e9cemment enhardie \u00e0 la suite de sa reconnaissance par Isra\u00ebl, a ouvertement soutenue l\u2019op\u00e9ration am\u00e9ricaine. Cette prise de position en faveur de Washington a \u00e9t\u00e9 la seule sur tout le continent et elle a \u00e9t\u00e9 abondamment moqu\u00e9e sur les r\u00e9seaux sociaux.<\/p>\n<p data-start=\"2158\" data-end=\"2573\">Enfin, certaines absences ont \u00e9galement surpris. L\u2019Alg\u00e9rie, habituellement prompte \u00e0 d\u00e9fendre les principes de souverainet\u00e9 et de non-intervention, n\u2019a toujours pas r\u00e9agi. Un silence partag\u00e9 par de nombreuses capitales africaines, qui craignent les foudres de Donald Trump, lequel vient, apr\u00e8s son op\u00e9ration \u00e0 Caracas, de se voir affubler sur les r\u00e9seaux sociaux du surnom de \u00ab Donigula \u00bb (mot-valise associant Donald Trump et l\u2019empereur romain Caligula, connu pour son exercice brutal du pouvoir et son impr\u00e9visibilit\u00e9).<\/p>\n","protected":false},"excerpt":{"rendered":"Manifestation contre l&#8217;enl\u00e8vement de Maduro en Afrique du Sud, le 8 janvier 2026. L\u2019attaque am\u00e9ricaine du 3 janvier&hellip;\n","protected":false},"author":2,"featured_media":12644,"comment_status":"","ping_status":"","sticky":false,"template":"","format":"standard","meta":{"footnotes":""},"categories":[62],"tags":[64,3625,742],"class_list":{"0":"post-12643","1":"post","2":"type-post","3":"status-publish","4":"format-standard","5":"has-post-thumbnail","7":"category-afrique","8":"tag-afrique","9":"tag-etats-unis","10":"tag-venezuela"},"share_on_mastodon":{"url":"","error":""},"_links":{"self":[{"href":"https:\/\/www.europesays.com\/africa\/wp-json\/wp\/v2\/posts\/12643","targetHints":{"allow":["GET"]}}],"collection":[{"href":"https:\/\/www.europesays.com\/africa\/wp-json\/wp\/v2\/posts"}],"about":[{"href":"https:\/\/www.europesays.com\/africa\/wp-json\/wp\/v2\/types\/post"}],"author":[{"embeddable":true,"href":"https:\/\/www.europesays.com\/africa\/wp-json\/wp\/v2\/users\/2"}],"replies":[{"embeddable":true,"href":"https:\/\/www.europesays.com\/africa\/wp-json\/wp\/v2\/comments?post=12643"}],"version-history":[{"count":0,"href":"https:\/\/www.europesays.com\/africa\/wp-json\/wp\/v2\/posts\/12643\/revisions"}],"wp:featuredmedia":[{"embeddable":true,"href":"https:\/\/www.europesays.com\/africa\/wp-json\/wp\/v2\/media\/12644"}],"wp:attachment":[{"href":"https:\/\/www.europesays.com\/africa\/wp-json\/wp\/v2\/media?parent=12643"}],"wp:term":[{"taxonomy":"category","embeddable":true,"href":"https:\/\/www.europesays.com\/africa\/wp-json\/wp\/v2\/categories?post=12643"},{"taxonomy":"post_tag","embeddable":true,"href":"https:\/\/www.europesays.com\/africa\/wp-json\/wp\/v2\/tags?post=12643"}],"curies":[{"name":"wp","href":"https:\/\/api.w.org\/{rel}","templated":true}]}}