{"id":12666,"date":"2026-01-09T07:00:06","date_gmt":"2026-01-09T07:00:06","guid":{"rendered":"https:\/\/www.europesays.com\/africa\/12666\/"},"modified":"2026-01-09T07:00:06","modified_gmt":"2026-01-09T07:00:06","slug":"tv-algerie-nigeria-sur-quelle-chaine-et-a-quelle-heure","status":"publish","type":"post","link":"https:\/\/www.europesays.com\/africa\/12666\/","title":{"rendered":"TV : Alg\u00e9rie &#8211; Nig\u00e9ria, sur quelle cha\u00eene et \u00e0 quelle heure ?"},"content":{"rendered":"<p>Tant suivie sur le sol fran\u00e7ais, l\u2019\u00e9quipe nationale d\u2019Alg\u00e9rie aura fort \u00e0 faire face au Nig\u00e9ria lors des quarts de finale de la CAN.<\/p>\n<p>Quelle heure pour Alg\u00e9rie &#8211; Nig\u00e9ria ?<\/p>\n<p>Les quarts de finale de la Coupe d\u2019Afrique des Nations d\u00e9buteront ce vendredi du c\u00f4t\u00e9 du Maroc, avec de jolis matchs entre le Mali et le S\u00e9n\u00e9gal, ou entre le Cameroun et le Maroc. Mais l\u2019affiche de ces quarts se disputera le lendemain. Puisque l\u2019Alg\u00e9rie et le Nig\u00e9ria s\u2019affronteront ce samedi 10 janvier \u00e0 17h00 au Stade de Marrakech.<\/p>\n<p>Sur quelle cha\u00eene suivre Alg\u00e9rie &#8211; Nig\u00e9ria ?<\/p>\n<p>Comme la plupart des matchs de cette CAN 2025-2026, ce choc entre l\u2019Alg\u00e9rie et le Nig\u00e9ria sera diffus\u00e9 sur l\u2019antenne de beIN Sports 1.<\/p>\n<p>Les compos probables de Alg\u00e9rie &#8211; Nig\u00e9ria :Invaincue depuis le d\u00e9but de cette <a href=\"https:\/\/www.foot01.com\/can-2025\" target=\"_self\" rel=\"nofollow noopener\">CAN<\/a>, l\u2019Alg\u00e9rie n\u2019a pas survol\u00e9 les d\u00e9bats pour d\u00e9buter sa phase finale. Face \u00e0 une solide \u00e9quipe du RD Congo, les Fennecs ont d\u00fb attendre la prolongation pour faire la diff\u00e9rence gr\u00e2ce \u00e0 un but de Boulbina au bout du suspense. D\u00e9sormais oppos\u00e9 \u00e0 l\u2019un des favoris, le Nig\u00e9ria, l\u2019\u00e9quipe de Vladimir Petkovic jouera le coup \u00e0 fond pour gratter sa place dans le dernier carr\u00e9.<\/p>\n<p>La compo probable de l\u2019Alg\u00e9rie : Luca Zidane &#8211; Belghali, Mandi, Bensebaini, Ait Nouri &#8211; Boudaoui, Bennacer, Chaibi &#8211; Mahrez, Maza, Amoura.<\/p>\n<p>Inarr\u00eatable depuis le d\u00e9but de la comp\u00e9tition, avec quatre victoires en autant de matchs, le Nig\u00e9ria n\u2019a fait qu\u2019une bouch\u00e9e du Mozambique en huiti\u00e8mes de finale (4-0). Gr\u00e2ce \u00e0 son attaque de feu, avec notamment Lookman et Osimhen, les Super Eagles vont tenter de dominer l\u2019Alg\u00e9rie pour viser les demi-finales avec un choc \u00e0 jouer contre le Cameroun ou le Maroc.<\/p>\n<p>La compo probable du Nig\u00e9ria : Nwabali &#8211; Osayi-Samuel, Ajayi, Bassey, Onyemaechi &#8211; Onyeka, Ndidi, Iwobi &#8211; Lookman &#8211; Osimhen, Adams.<\/p>\n","protected":false},"excerpt":{"rendered":"Tant suivie sur le sol fran\u00e7ais, l\u2019\u00e9quipe nationale d\u2019Alg\u00e9rie aura fort \u00e0 faire face au Nig\u00e9ria lors des&hellip;\n","protected":false},"author":2,"featured_media":12667,"comment_status":"","ping_status":"","sticky":false,"template":"","format":"standard","meta":{"footnotes":""},"categories":[254],"tags":[255,179,2208],"class_list":{"0":"post-12666","1":"post","2":"type-post","3":"status-publish","4":"format-standard","5":"has-post-thumbnail","7":"category-algerie","8":"tag-algerie","9":"tag-can-2025","10":"tag-foot-mondial"},"share_on_mastodon":{"url":"","error":""},"_links":{"self":[{"href":"https:\/\/www.europesays.com\/africa\/wp-json\/wp\/v2\/posts\/12666","targetHints":{"allow":["GET"]}}],"collection":[{"href":"https:\/\/www.europesays.com\/africa\/wp-json\/wp\/v2\/posts"}],"about":[{"href":"https:\/\/www.europesays.com\/africa\/wp-json\/wp\/v2\/types\/post"}],"author":[{"embeddable":true,"href":"https:\/\/www.europesays.com\/africa\/wp-json\/wp\/v2\/users\/2"}],"replies":[{"embeddable":true,"href":"https:\/\/www.europesays.com\/africa\/wp-json\/wp\/v2\/comments?post=12666"}],"version-history":[{"count":0,"href":"https:\/\/www.europesays.com\/africa\/wp-json\/wp\/v2\/posts\/12666\/revisions"}],"wp:featuredmedia":[{"embeddable":true,"href":"https:\/\/www.europesays.com\/africa\/wp-json\/wp\/v2\/media\/12667"}],"wp:attachment":[{"href":"https:\/\/www.europesays.com\/africa\/wp-json\/wp\/v2\/media?parent=12666"}],"wp:term":[{"taxonomy":"category","embeddable":true,"href":"https:\/\/www.europesays.com\/africa\/wp-json\/wp\/v2\/categories?post=12666"},{"taxonomy":"post_tag","embeddable":true,"href":"https:\/\/www.europesays.com\/africa\/wp-json\/wp\/v2\/tags?post=12666"}],"curies":[{"name":"wp","href":"https:\/\/api.w.org\/{rel}","templated":true}]}}