{"id":12709,"date":"2026-01-09T07:30:16","date_gmt":"2026-01-09T07:30:16","guid":{"rendered":"https:\/\/www.europesays.com\/africa\/12709\/"},"modified":"2026-01-09T07:30:16","modified_gmt":"2026-01-09T07:30:16","slug":"reprise-tracabilite-et-transparence-le-maroc-accelere-la-numerisation-du-secteur-de-la-peche","status":"publish","type":"post","link":"https:\/\/www.europesays.com\/africa\/12709\/","title":{"rendered":"(Reprise) Tra\u00e7abilit\u00e9 et transparence : le Maroc acc\u00e9l\u00e8re la num\u00e9risation du secteur de la P\u00eache"},"content":{"rendered":"<p style=\"text-align: justify;\">Selon l\u2019Office National des P\u00eaches, le volume des d\u00e9barquements des produits de la p\u00eache c\u00f4ti\u00e8re et artisanale accuse un repli de 15% \u00e0 fin novembre 2025. Les revenus du secteur ont \u00e9galement baiss\u00e9 de 4% durant la m\u00eame p\u00e9riode. Une situation que le num\u00e9rique peut contribuer \u00e0 r\u00e9soudre.<\/p>\n<p class=\"texte\" style=\"text-align: justify;\">Le Maroc acc\u00e9l\u00e8re la transformation num\u00e9rique de son secteur halieutique. Selon des d\u00e9clarations faites cette semaine au Parlement, 68 des 76 march\u00e9s aux poissons du pays fonctionnent d\u00e9sormais gr\u00e2ce \u00e0 des syst\u00e8mes num\u00e9riques.<\/p>\n<p class=\"texte\" style=\"text-align: justify;\">Lors d\u2019une s\u00e9ance de questions orales \u00e0 la Chambre des repr\u00e9sentants, lundi 5 janvier 2026, Zakia Driouich, secr\u00e9taire d\u2019\u00c9tat charg\u00e9e des P\u00eaches maritimes, a indiqu\u00e9 que le d\u00e9ploiement de ces outils sur les march\u00e9s de premi\u00e8re vente, permet \u00e0 l\u2019\u00c9tat d\u2019acc\u00e9der \u00e0 des informations plus pr\u00e9cises et de renforcer la surveillance des transactions commerciales.<\/p>\n<p class=\"texte\" style=\"text-align: justify;\">Concr\u00e8tement, l\u2019enregistrement num\u00e9rique facilite le suivi des ventes et la production de donn\u00e9es exploitables, r\u00e9duisant ainsi l\u2019opacit\u00e9 des \u00e9changes. Il am\u00e9liore \u00e9galement les capacit\u00e9s de contr\u00f4le et d\u2019audit, un levier essentiel pour assainir les pratiques et la gouvernance du secteur.<\/p>\n<p class=\"texte\" style=\"text-align: justify;\">Cette transition ne se limite pas aux march\u00e9s. La surveillance a \u00e9t\u00e9 \u00e9tendue aux zones de p\u00eache : tous les navires op\u00e9rant dans les eaux marocaines sont d\u00e9sormais suivis par satellite, a pr\u00e9cis\u00e9 la responsable. Parall\u00e8lement, l\u2019identification par radiofr\u00e9quence (RFID) est utilis\u00e9e pour tracer les bateaux autoris\u00e9s, afin de renforcer les contr\u00f4les et de lutter contre la p\u00eache ill\u00e9gale.<\/p>\n<p class=\"texte\" style=\"text-align: justify;\">Le gouvernement applique \u00e9galement ces outils num\u00e9riques \u00e0 la recherche scientifique, \u00e0 la gestion des p\u00eaches, aux m\u00e9thodes de production et \u00e0 la commercialisation. Cette approche vise \u00e0 am\u00e9liorer la collecte de donn\u00e9es, la planification et une gestion plus durable des ressources.<\/p>\n<p class=\"texte\" style=\"text-align: justify;\">Ces initiatives s\u2019inscrivent dans une strat\u00e9gie engag\u00e9e de longue date. La strat\u00e9gie Halieutis, lanc\u00e9e en 2009, avait d\u00e9j\u00e0 initi\u00e9 une modernisation progressive, notamment en rempla\u00e7ant la documentation papier par le traitement \u00e9lectronique des donn\u00e9es \u00e0 l\u2019exportation.<\/p>\n<p class=\"texte\" style=\"text-align: justify;\">Aujourd\u2019hui, avec la num\u00e9risation des march\u00e9s de premi\u00e8re vente et le renforcement des contr\u00f4les en mer, le Maroc franchit une nouvelle \u00e9tape vers une fili\u00e8re plus tra\u00e7able, mieux r\u00e9gul\u00e9e et davantage pilot\u00e9e par la donn\u00e9e.<\/p>\n<p class=\"texte\" style=\"text-align: justify;\">Lire aussi:<\/p>\n<p class=\"texte\" style=\"text-align: justify;\"><a href=\"https:\/\/www.agenceecofin.com\/actualites-numerique\/0201-134631-le-burkina-faso-veut-accelerer-la-digitalisation-de-la-justice-en-2026\" rel=\"nofollow noopener\" target=\"_blank\">Le Burkina Faso veut acc\u00e9l\u00e9rer la digitalisation de la justice en 2026<\/a><\/p>\n","protected":false},"excerpt":{"rendered":"Selon l\u2019Office National des P\u00eaches, le volume des d\u00e9barquements des produits de la p\u00eache c\u00f4ti\u00e8re et artisanale accuse&hellip;\n","protected":false},"author":2,"featured_media":12710,"comment_status":"","ping_status":"","sticky":false,"template":"","format":"standard","meta":{"footnotes":""},"categories":[41],"tags":[1863,3661,8613,1822,5163,158,8612,8614,2121],"class_list":{"0":"post-12709","1":"post","2":"type-post","3":"status-publish","4":"format-standard","5":"has-post-thumbnail","7":"category-maroc","8":"tag-aux","9":"tag-des","10":"tag-egalement","11":"tag-les","12":"tag-marches","13":"tag-maroc","14":"tag-par","15":"tag-secteur","16":"tag-une"},"share_on_mastodon":{"url":"","error":""},"_links":{"self":[{"href":"https:\/\/www.europesays.com\/africa\/wp-json\/wp\/v2\/posts\/12709","targetHints":{"allow":["GET"]}}],"collection":[{"href":"https:\/\/www.europesays.com\/africa\/wp-json\/wp\/v2\/posts"}],"about":[{"href":"https:\/\/www.europesays.com\/africa\/wp-json\/wp\/v2\/types\/post"}],"author":[{"embeddable":true,"href":"https:\/\/www.europesays.com\/africa\/wp-json\/wp\/v2\/users\/2"}],"replies":[{"embeddable":true,"href":"https:\/\/www.europesays.com\/africa\/wp-json\/wp\/v2\/comments?post=12709"}],"version-history":[{"count":0,"href":"https:\/\/www.europesays.com\/africa\/wp-json\/wp\/v2\/posts\/12709\/revisions"}],"wp:featuredmedia":[{"embeddable":true,"href":"https:\/\/www.europesays.com\/africa\/wp-json\/wp\/v2\/media\/12710"}],"wp:attachment":[{"href":"https:\/\/www.europesays.com\/africa\/wp-json\/wp\/v2\/media?parent=12709"}],"wp:term":[{"taxonomy":"category","embeddable":true,"href":"https:\/\/www.europesays.com\/africa\/wp-json\/wp\/v2\/categories?post=12709"},{"taxonomy":"post_tag","embeddable":true,"href":"https:\/\/www.europesays.com\/africa\/wp-json\/wp\/v2\/tags?post=12709"}],"curies":[{"name":"wp","href":"https:\/\/api.w.org\/{rel}","templated":true}]}}