{"id":12831,"date":"2026-01-09T08:54:19","date_gmt":"2026-01-09T08:54:19","guid":{"rendered":"https:\/\/www.europesays.com\/africa\/12831\/"},"modified":"2026-01-09T08:54:19","modified_gmt":"2026-01-09T08:54:19","slug":"lopposition-saisit-la-cour-constitutionnelle-sur-la-reforme-du-cnp","status":"publish","type":"post","link":"https:\/\/www.europesays.com\/africa\/12831\/","title":{"rendered":"L\u2019Opposition saisit la Cour constitutionnelle sur la r\u00e9forme du CNP"},"content":{"rendered":"<p>\t\t\t\t\t Les repr\u00e9sentants de sept partis d&#8217;opposition au Parlement ont annonc\u00e9, lundi, leur intention de saisir la Cour constitutionnelle concernant le projet de loi 026.25 relatif \u00e0 la r\u00e9organisation du Conseil national de la presse (CNP). Cette d\u00e9marche rassemble le PPS, le PJD, le Mouvement populaire, l\u2019USFP, ainsi que la FGD, le PSU et le FFD, dans le but de v\u00e9rifier la constitutionnalit\u00e9 d\u2019un texte qui suscite de vives controverses. <\/p>\n<p>Les initiateurs qualifient cette initiative de \u00abd\u00e9marche n\u00e9cessaire\u00bb, s\u2019appuyant sur \u00abl\u2019article 132 de la Constitution, l\u2019article 23 de la loi organique relative \u00e0 la Cour constitutionnelle et l\u2019article 359 du r\u00e8glement int\u00e9rieur de la Chambre des repr\u00e9sentants\u00bb. Ils d\u00e9noncent \u00abl\u2019obstination du gouvernement \u00e0 faire adopter ce projet de loi par les deux Chambres, fort de sa majorit\u00e9 parlementaire, au m\u00e9pris des observations \u00e9mises par des organisations politiques et professionnelles sur ses irr\u00e9gularit\u00e9s constitutionnelles, observations confirm\u00e9es par les avis consultatifs du Conseil \u00e9conomique, social et environnemental (CESE) et du Conseil national des droits de l\u2019Homme (CNDH) \u00bb. <\/p>\n<p>Dans ce cadre, les groupes parlementaires insistent sur \u00abla n\u00e9cessit\u00e9 d\u2019unir leurs forces pour contrer les abus de pouvoir l\u00e9gislatif du gouvernement, pr\u00e9server la libert\u00e9 et le pluralisme de la presse, ainsi que le principe d\u2019autor\u00e9gulation professionnelle \u00bb. Cette d\u00e9claration fait suite \u00e0 l\u2019adoption du projet de loi, le 22 d\u00e9cembre 2025, par la Commission de l\u2019enseignement, des affaires culturelles et sociales \u00e0 la Chambre des conseillers. <\/p>\n<p>Le texte a \u00e9t\u00e9 approuv\u00e9 par six voix pour et cinq contre, lors d\u2019une r\u00e9union en pr\u00e9sence du ministre de la Jeunesse, de la Culture et de la Communication, Mohamed Mehdi Bensaid. Au total, 139 amendements ont \u00e9t\u00e9 propos\u00e9s par les groupes partisans et les syndicats. <\/p>\n<p>H.T\n\t\t\t\t <\/p>\n","protected":false},"excerpt":{"rendered":"Les repr\u00e9sentants de sept partis d&#8217;opposition au Parlement ont annonc\u00e9, lundi, leur intention de saisir la Cour constitutionnelle&hellip;\n","protected":false},"author":2,"featured_media":12832,"comment_status":"","ping_status":"","sticky":false,"template":"","format":"standard","meta":{"footnotes":""},"categories":[41],"tags":[8681,8682,8683,158,2555,8684,8685],"class_list":{"0":"post-12831","1":"post","2":"type-post","3":"status-publish","4":"format-standard","5":"has-post-thumbnail","7":"category-maroc","8":"tag-autoregulation-professionnelle","9":"tag-cour-constitutionnelle","10":"tag-liberte","11":"tag-maroc","12":"tag-opposition","13":"tag-pluralisme-de-la-presse","14":"tag-reforme-du-cnp"},"share_on_mastodon":{"url":"","error":""},"_links":{"self":[{"href":"https:\/\/www.europesays.com\/africa\/wp-json\/wp\/v2\/posts\/12831","targetHints":{"allow":["GET"]}}],"collection":[{"href":"https:\/\/www.europesays.com\/africa\/wp-json\/wp\/v2\/posts"}],"about":[{"href":"https:\/\/www.europesays.com\/africa\/wp-json\/wp\/v2\/types\/post"}],"author":[{"embeddable":true,"href":"https:\/\/www.europesays.com\/africa\/wp-json\/wp\/v2\/users\/2"}],"replies":[{"embeddable":true,"href":"https:\/\/www.europesays.com\/africa\/wp-json\/wp\/v2\/comments?post=12831"}],"version-history":[{"count":0,"href":"https:\/\/www.europesays.com\/africa\/wp-json\/wp\/v2\/posts\/12831\/revisions"}],"wp:featuredmedia":[{"embeddable":true,"href":"https:\/\/www.europesays.com\/africa\/wp-json\/wp\/v2\/media\/12832"}],"wp:attachment":[{"href":"https:\/\/www.europesays.com\/africa\/wp-json\/wp\/v2\/media?parent=12831"}],"wp:term":[{"taxonomy":"category","embeddable":true,"href":"https:\/\/www.europesays.com\/africa\/wp-json\/wp\/v2\/categories?post=12831"},{"taxonomy":"post_tag","embeddable":true,"href":"https:\/\/www.europesays.com\/africa\/wp-json\/wp\/v2\/tags?post=12831"}],"curies":[{"name":"wp","href":"https:\/\/api.w.org\/{rel}","templated":true}]}}