{"id":12854,"date":"2026-01-09T09:07:14","date_gmt":"2026-01-09T09:07:14","guid":{"rendered":"https:\/\/www.europesays.com\/africa\/12854\/"},"modified":"2026-01-09T09:07:14","modified_gmt":"2026-01-09T09:07:14","slug":"mali-senegal-les-compositions-probables-du-1-4-de-finale-de-la-can-avec-le-retour-du-senegalais-koulibaly","status":"publish","type":"post","link":"https:\/\/www.europesays.com\/africa\/12854\/","title":{"rendered":"Mali-S\u00e9n\u00e9gal\u00a0: les compositions probables du 1\/4 de finale de la CAN avec le retour du s\u00e9n\u00e9galais Koulibaly"},"content":{"rendered":"<p class=\"paragraph text_align_left lp-f-body-02\">L\u2019un est invaincu, l\u2019autre n\u2019a toujours pas remport\u00e9 le moindre match dans le temps r\u00e9glementaire. Si le<a href=\"https:\/\/www.leparisien.fr\/sports\/football\/senegal\/\" target=\"_blank\" rel=\"noreferrer nofollow noopener\"> S\u00e9n\u00e9gal <\/a>aborde son quart de finale, ce vendredi 8\u00a0janvier \u00e0 17\u00a0heures, face au <a href=\"https:\/\/www.leparisien.fr\/sports\/football\/mali\/\" target=\"_blank\" rel=\"noreferrer nofollow noopener\">Mali<\/a> avec l\u2019\u00e9tiquette de favori, il devra cependant se m\u00e9fier d\u2019un adversaire qui a su se sortir de nombreux pi\u00e8ges et faire preuve d\u2019une belle abn\u00e9gation pour se hisser jusqu\u2019au rendez-vous du Top\u00a08 de la <a href=\"https:\/\/www.leparisien.fr\/sports\/football\/coupe-d-afrique-des-nations\/\" target=\"_blank\" rel=\"noreferrer nofollow noopener\">Coupe d\u2019Afrique des nations<\/a> <a href=\"https:\/\/www.leparisien.fr\/sports\/football\/\" target=\"_blank\" rel=\"noreferrer nofollow noopener\">de football<\/a>.<\/p>\n<p class=\"\">Insatiables en attaque, port\u00e9s par le duo Sadio Man\u00e9 et Nicolas Jackson, auteur de sept buts et passes d\u00e9cisives depuis le d\u00e9but de la CAN, les Lions de la Teranga pourront compter sur le retour de leur capitaine Kalidou Koulibaly pour \u00e9galement apporter de l\u2019exp\u00e9rience dans la d\u00e9fense. Apr\u00e8s un match de suspension, le \u00ab\u00a0patron\u00a0\u00bb va honorer sa 101e s\u00e9lection lors du quart de finale.<\/p>\n<p class=\"\">Koulibaly \u00e9tait suspendu \u00e0 la suite de son exclusion pour une vilaine semelle sur le B\u00e9ninois Aiyegun Tosin, mais s\u2019est \u00ab\u00a0sacrifi\u00e9 pour l\u2019\u00e9quipe et continuera de le faire\u00a0\u00bb, selon son s\u00e9lectionneur Pape Thiaw.<\/p>\n<p class=\"\">Porteur du brassard depuis 2019, toujours titulaire sauf pour sa deuxi\u00e8me s\u00e9lection, Koulibaly (34\u00a0ans) est l\u2019immortel capitaine, celui qui a soulev\u00e9 pour la premi\u00e8re fois de l\u2019histoire du foot s\u00e9n\u00e9galais le troph\u00e9e de la CAN dans le ciel africain, en 2022 au Cameroun.<\/p>\n<p class=\"\">Celui que les tifosis du Napoli, o\u00f9 il a jou\u00e9 huit ans (2014-2022), surnommait \u00ab\u00a0le Roc\u00a0\u00bb, est un des mousquetaires trentenaires de la tani\u00e8re, avec Sadio Man\u00e9 (33\u00a0ans, 121 s\u00e9lections), Gana Gueye (36\u00a0ans, 125 capes) et le gardien Edouard Mendy (33\u00a0ans, 53 capes).<\/p>\n<p>Les compositions probables de Mali &#8211; S\u00e9n\u00e9gal<\/p>\n<p class=\"\">Mali\u00a0: D. Diarra &#8211; Traor\u00e9, A. Diaby, Camara, Dante &#8211; Bissouma, Dieng &#8211; Sangare, Doumbia, Nene &#8211; Sinayoko.<\/p>\n<p class=\"\">S\u00e9n\u00e9gal\u00a0: E. Mendy &#8211; Diatta, Koulibaly, Niakhat\u00e9, Jakobs &#8211; P. Gueye, I. Gueye &#8211; Sarr, Ndiaye, Man\u00e9 &#8211; Jackson.<\/p>\n<p class=\"\">Les quatre vieux Lions r\u00e8gnent sur une des meilleures s\u00e9lections africaines de la d\u00e9cennie, qui va disputer son troisi\u00e8me Mondial de rang et y affronter la France le 16\u00a0juin, en poule. Ils assurent la transition vers de plus jeunes joueurs \u00e0 l\u2019\u00e9closion annonc\u00e9e, symbolis\u00e9s au Maroc par le Titi parisien Ibrahim Mbaye.<\/p>\n<p class=\"\">En face, le Mali semble encore se chercher. Les Aigles n\u2019ont toujours pas \u00e9t\u00e9 capables de s\u2019imposer dans le temps r\u00e9glementaire depuis le d\u00e9but du tournoi\u00a0: trois nuls en phase de groupes, puis une qualification arrach\u00e9e face \u00e0 la Tunisie aux tirs au but (1-1, 3-2).<\/p>\n<p class=\"\">Mais le s\u00e9lectionneur Tom Saintfiet pourra compter sur le retour au jeu d\u2019Amadou Ha\u00efdara, expuls\u00e9 face aux Comores en phase de poules le n\u00e9o-Lensois a vu sa peine r\u00e9duite de deux \u00e0 un match de suspension. Le lat\u00e9ral Woyo Coulibaly, <a href=\"https:\/\/www.leparisien.fr\/sports\/football\/coupe-d-afrique-des-nations\/mali-tunisie-woyo-coulibaly-sanctionne-dun-carton-rouge-pour-son-tacle-assassin-sur-hannibal-mejbri-03-01-2026-ZT3DWPLKKRFYBFCOBY7KOBO4KE.php\" target=\"_blank\" rel=\"noreferrer nofollow noopener\">qui a re\u00e7u un carton rouge apr\u00e8s un tacle tr\u00e8s dangereux sur Hannibal Mejbri<\/a> en huiti\u00e8me de finale de la CAN 2025, sera lui absent.<\/p>\n<p class=\"\">Comme depuis le d\u00e9but du tournoi, les espoirs maliens reposeront sur les performances de l\u2019attaquant auxerrois Lassine Sinayoko, auteur de tous les buts sa s\u00e9lection (3 dont 2 p\u00e9naltys) \u00e0 la CAN.<\/p>\n","protected":false},"excerpt":{"rendered":"L\u2019un est invaincu, l\u2019autre n\u2019a toujours pas remport\u00e9 le moindre match dans le temps r\u00e9glementaire. Si le S\u00e9n\u00e9gal&hellip;\n","protected":false},"author":2,"featured_media":12855,"comment_status":"","ping_status":"","sticky":false,"template":"","format":"standard","meta":{"footnotes":""},"categories":[48],"tags":[360,311,159,264],"class_list":{"0":"post-12854","1":"post","2":"type-post","3":"status-publish","4":"format-standard","5":"has-post-thumbnail","7":"category-senegal","8":"tag-can","9":"tag-football","10":"tag-senegal","11":"tag-sports"},"share_on_mastodon":{"url":"","error":""},"_links":{"self":[{"href":"https:\/\/www.europesays.com\/africa\/wp-json\/wp\/v2\/posts\/12854","targetHints":{"allow":["GET"]}}],"collection":[{"href":"https:\/\/www.europesays.com\/africa\/wp-json\/wp\/v2\/posts"}],"about":[{"href":"https:\/\/www.europesays.com\/africa\/wp-json\/wp\/v2\/types\/post"}],"author":[{"embeddable":true,"href":"https:\/\/www.europesays.com\/africa\/wp-json\/wp\/v2\/users\/2"}],"replies":[{"embeddable":true,"href":"https:\/\/www.europesays.com\/africa\/wp-json\/wp\/v2\/comments?post=12854"}],"version-history":[{"count":0,"href":"https:\/\/www.europesays.com\/africa\/wp-json\/wp\/v2\/posts\/12854\/revisions"}],"wp:featuredmedia":[{"embeddable":true,"href":"https:\/\/www.europesays.com\/africa\/wp-json\/wp\/v2\/media\/12855"}],"wp:attachment":[{"href":"https:\/\/www.europesays.com\/africa\/wp-json\/wp\/v2\/media?parent=12854"}],"wp:term":[{"taxonomy":"category","embeddable":true,"href":"https:\/\/www.europesays.com\/africa\/wp-json\/wp\/v2\/categories?post=12854"},{"taxonomy":"post_tag","embeddable":true,"href":"https:\/\/www.europesays.com\/africa\/wp-json\/wp\/v2\/tags?post=12854"}],"curies":[{"name":"wp","href":"https:\/\/api.w.org\/{rel}","templated":true}]}}