{"id":12880,"date":"2026-01-09T09:21:18","date_gmt":"2026-01-09T09:21:18","guid":{"rendered":"https:\/\/www.europesays.com\/africa\/12880\/"},"modified":"2026-01-09T09:21:18","modified_gmt":"2026-01-09T09:21:18","slug":"revelations-sur-la-mort-de-lopposition-au-senegal","status":"publish","type":"post","link":"https:\/\/www.europesays.com\/africa\/12880\/","title":{"rendered":"R\u00e9v\u00e9lations sur la mort de l&#8217;opposition au S\u00e9n\u00e9gal"},"content":{"rendered":"<p>Le d\u00e9bat politique national est marqu\u00e9, depuis plusieurs mois, par une forte visibilit\u00e9 de la mouvance pr\u00e9sidentielle, contrastant avec la relative discr\u00e9tion des principaux leaders de l\u2019opposition. Sur les grandes questions d\u2019actualit\u00e9, notamment celles li\u00e9es \u00e0 la situation socio-\u00e9conomique du pays, la majorit\u00e9 des figures traditionnelles de l\u2019opposition se font rares dans l\u2019espace public. \u00c0 l\u2019exception notable du d\u00e9put\u00e9 Thierno Alassane Sall et, dans une moindre mesure, d\u2019Anta Babacar Ngom, les prises de position restent limit\u00e9es.            <\/p>\n<p class=\"pread\" style=\"background: #fff6d3;font-size:17px !important;padding:0px 0 16px 0;border:none;font-family:'source-sans-pro' !important;color:#444 !important;\">\n<p>La suite est r\u00e9serv\u00e9e \u00e0 nos abonn\u00e9s.<br \/>D\u00e9j\u00e0 abonn\u00e9 ? <a href=\"https:\/\/www.senenews.com\/login?redirect_to=https:\/\/www.senenews.com\/premium\/idrissa-seck-amadou-ba-karim-wade-revelations-sur-la-mort-de-lopposition-au-senegal_571886.html\" style=\"text-decoration: underline !important;font-weight: bold;\" rel=\"nofollow noopener\" target=\"_blank\">Se connecter<\/a><\/p>\n<p>Profitez de 3 mois offerts<br \/>et acc\u00e9dez \u00e0 tous nos contenus<br \/>sans aucune publicit\u00e9<\/p>\n<p style=\"text-align:center;font-size:14px;font-family:'source-sans-pro'\">\n<a href=\"https:\/\/www.senenews.com\/rejoignez-senenews-premium-pour-soutenir-une-redaction-libre-et-independante\" style=\"text-decoration:none!important;border-bottom:1px solid\" rel=\"nofollow noopener\" target=\"_blank\">Pourquoi vous devez soutenir l\u2019initiative Senenews Premium?<\/a><\/p>\n","protected":false},"excerpt":{"rendered":"Le d\u00e9bat politique national est marqu\u00e9, depuis plusieurs mois, par une forte visibilit\u00e9 de la mouvance pr\u00e9sidentielle, contrastant&hellip;\n","protected":false},"author":2,"featured_media":12881,"comment_status":"","ping_status":"","sticky":false,"template":"","format":"standard","meta":{"footnotes":""},"categories":[48],"tags":[480,161,2555,248,159,163],"class_list":{"0":"post-12880","1":"post","2":"type-post","3":"status-publish","4":"format-standard","5":"has-post-thumbnail","7":"category-senegal","8":"tag-a-la-une","9":"tag-articles-premium","10":"tag-opposition","11":"tag-politique","12":"tag-senegal","13":"tag-senegal-actualites"},"share_on_mastodon":{"url":"","error":""},"_links":{"self":[{"href":"https:\/\/www.europesays.com\/africa\/wp-json\/wp\/v2\/posts\/12880","targetHints":{"allow":["GET"]}}],"collection":[{"href":"https:\/\/www.europesays.com\/africa\/wp-json\/wp\/v2\/posts"}],"about":[{"href":"https:\/\/www.europesays.com\/africa\/wp-json\/wp\/v2\/types\/post"}],"author":[{"embeddable":true,"href":"https:\/\/www.europesays.com\/africa\/wp-json\/wp\/v2\/users\/2"}],"replies":[{"embeddable":true,"href":"https:\/\/www.europesays.com\/africa\/wp-json\/wp\/v2\/comments?post=12880"}],"version-history":[{"count":0,"href":"https:\/\/www.europesays.com\/africa\/wp-json\/wp\/v2\/posts\/12880\/revisions"}],"wp:featuredmedia":[{"embeddable":true,"href":"https:\/\/www.europesays.com\/africa\/wp-json\/wp\/v2\/media\/12881"}],"wp:attachment":[{"href":"https:\/\/www.europesays.com\/africa\/wp-json\/wp\/v2\/media?parent=12880"}],"wp:term":[{"taxonomy":"category","embeddable":true,"href":"https:\/\/www.europesays.com\/africa\/wp-json\/wp\/v2\/categories?post=12880"},{"taxonomy":"post_tag","embeddable":true,"href":"https:\/\/www.europesays.com\/africa\/wp-json\/wp\/v2\/tags?post=12880"}],"curies":[{"name":"wp","href":"https:\/\/api.w.org\/{rel}","templated":true}]}}