{"id":1289,"date":"2026-01-03T22:10:08","date_gmt":"2026-01-03T22:10:08","guid":{"rendered":"https:\/\/www.europesays.com\/africa\/1289\/"},"modified":"2026-01-03T22:10:08","modified_gmt":"2026-01-03T22:10:08","slug":"sa-fille-harcelee-vladimir-petkovic-furieux","status":"publish","type":"post","link":"https:\/\/www.europesays.com\/africa\/1289\/","title":{"rendered":"sa fille harcel\u00e9e, Vladimir Petkovic furieux"},"content":{"rendered":"<p>C&#8217;est un \u00e9pisode qui est venu g\u00e2cher la s\u00e9r\u00e9nit\u00e9 de Vladimir Petkovic, qui a parfaitement g\u00e9r\u00e9 son \u00e9quipe d&#8217;Alg\u00e9rie lors de la phase de poules de la <a href=\"https:\/\/www.onzemondial.com\/selections\/can.html\" rel=\"nofollow noopener\" target=\"_blank\">CAN 2025<\/a>, avec un parcours parfait et un huiti\u00e8me de finale costaud qui se profile mardi face \u00e0 la RD Congo.<\/p>\n<p>Comme le r\u00e9v\u00e8le le media El Khabar, relay\u00e9 par plusieurs m\u00e9dias alg\u00e9riens, Vladimir Petkovic, s\u00e9lectionneur de l\u2019\u00e9quipe d\u2019Alg\u00e9rie, a exprim\u00e9 sa vive col\u00e8re contre certains m\u00e9dias alg\u00e9riens pour le harc\u00e8lement subi par sa fille, L\u00e9a. Bien qu\u2019active sur les r\u00e9seaux sociaux, L\u00e9a pr\u00e9f\u00e8re rester \u00e0 l\u2019\u00e9cart des projecteurs. Cependant, \u00e0 Rabat, plusieurs journalistes et photographes ont tent\u00e9 de la suivre, de la prendre en photo et m\u00eame de lui soutirer des d\u00e9clarations, malgr\u00e9 son absence de r\u00f4le officiel dans le football. Ces comportements ont \u00e9t\u00e9 per\u00e7us par Petkovic comme intrusifs et irrespectueux.<\/p>\n<p>A lire aussi :L\u00e9a Petkovic harcel\u00e9e pour s&#8217;exprimer<\/p>\n<p>L\u2019incident a commenc\u00e9 aux abords du stade, o\u00f9 L\u00e9a Petkovic, tentant d\u2019\u00e9chapper aux cam\u00e9ras, a \u00e9t\u00e9 approch\u00e9e \u00e0 plusieurs reprises par les m\u00e9dias. La situation a atteint un point critique lorsque la jeune femme a alert\u00e9 son p\u00e8re. Furieux, Petkovic a demand\u00e9 \u00e0 la F\u00e9d\u00e9ration alg\u00e9rienne de football (FAF) d\u2019intervenir pour faire respecter la vie priv\u00e9e de sa famille et a adress\u00e9 un message direct aux journalistes, les sommant de cesser ces comportements. Selon lui, la pression m\u00e9diatique exerc\u00e9e sur les proches des membres du staff d\u00e9passe les limites du respect et de l\u2019\u00e9thique journalistique.<\/p>\n<p>Petkovic a ainsi d\u00fb insister pour rappeler que les proches des joueurs et des entra\u00eeneurs ne sont pas des personnalit\u00e9s publiques et n\u2019ont aucune obligation de r\u00e9pondre aux sollicitations m\u00e9diatiques.<\/p>\n<p>   Partagez cette info avec vos amis et vos proches en cliquant ici<br \/> Pour r\u00e9sumer<\/p>\n<p>Lors de la CAN 2025 \u00e0 Rabat, la fille de Vladimir Petkovic, L\u00e9a, a \u00e9t\u00e9 harcel\u00e9e par des journalistes alg\u00e9riens malgr\u00e9 son absence de r\u00f4le officiel. Furieux, le s\u00e9lectionneur a d\u00e9nonc\u00e9 ces comportements intrusifs et demand\u00e9 \u00e0 la FAF et aux m\u00e9dias de respecter la vie priv\u00e9e de sa famille.<\/p>\n<p>R\u00e9dacteur<\/p>\n<p><img decoding=\"async\" width=\"76\" height=\"76\" loading=\"lazy\" src=\"https:\/\/www.europesays.com\/africa\/wp-content\/uploads\/2026\/01\/logo-julien-pedebos.jpg\" alt=\"Julien P\u00e9debos\"\/><\/p>\n","protected":false},"excerpt":{"rendered":"C&#8217;est un \u00e9pisode qui est venu g\u00e2cher la s\u00e9r\u00e9nit\u00e9 de Vladimir Petkovic, qui a parfaitement g\u00e9r\u00e9 son \u00e9quipe&hellip;\n","protected":false},"author":2,"featured_media":1290,"comment_status":"","ping_status":"","sticky":false,"template":"","format":"standard","meta":{"footnotes":""},"categories":[254],"tags":[255,360],"class_list":{"0":"post-1289","1":"post","2":"type-post","3":"status-publish","4":"format-standard","5":"has-post-thumbnail","7":"category-algerie","8":"tag-algerie","9":"tag-can"},"share_on_mastodon":{"url":"","error":""},"_links":{"self":[{"href":"https:\/\/www.europesays.com\/africa\/wp-json\/wp\/v2\/posts\/1289","targetHints":{"allow":["GET"]}}],"collection":[{"href":"https:\/\/www.europesays.com\/africa\/wp-json\/wp\/v2\/posts"}],"about":[{"href":"https:\/\/www.europesays.com\/africa\/wp-json\/wp\/v2\/types\/post"}],"author":[{"embeddable":true,"href":"https:\/\/www.europesays.com\/africa\/wp-json\/wp\/v2\/users\/2"}],"replies":[{"embeddable":true,"href":"https:\/\/www.europesays.com\/africa\/wp-json\/wp\/v2\/comments?post=1289"}],"version-history":[{"count":0,"href":"https:\/\/www.europesays.com\/africa\/wp-json\/wp\/v2\/posts\/1289\/revisions"}],"wp:featuredmedia":[{"embeddable":true,"href":"https:\/\/www.europesays.com\/africa\/wp-json\/wp\/v2\/media\/1290"}],"wp:attachment":[{"href":"https:\/\/www.europesays.com\/africa\/wp-json\/wp\/v2\/media?parent=1289"}],"wp:term":[{"taxonomy":"category","embeddable":true,"href":"https:\/\/www.europesays.com\/africa\/wp-json\/wp\/v2\/categories?post=1289"},{"taxonomy":"post_tag","embeddable":true,"href":"https:\/\/www.europesays.com\/africa\/wp-json\/wp\/v2\/tags?post=1289"}],"curies":[{"name":"wp","href":"https:\/\/api.w.org\/{rel}","templated":true}]}}