{"id":12901,"date":"2026-01-09T09:36:13","date_gmt":"2026-01-09T09:36:13","guid":{"rendered":"https:\/\/www.europesays.com\/africa\/12901\/"},"modified":"2026-01-09T09:36:13","modified_gmt":"2026-01-09T09:36:13","slug":"generation-foot-fabrique-a-champions-du-senegal","status":"publish","type":"post","link":"https:\/\/www.europesays.com\/africa\/12901\/","title":{"rendered":"G\u00e9n\u00e9ration Foot, fabrique \u00e0 champions du S\u00e9n\u00e9gal"},"content":{"rendered":"<p>    R\u00e9sum\u00e9 en 20 secondes<\/p>\n<p>        En savoir plus sur ce type de contenu<\/p>\n<p>Ce r\u00e9sum\u00e9 peut avoir \u00e9t\u00e9 \u00e9crit avec l&#8217;assistance d\u2019une IA g\u00e9n\u00e9rative. <a href=\"https:\/\/www.letemps.ch\/cyber\/l-usage-de-l-ia-generative-par-les-journalistes-du-temps\" rel=\"nofollow noopener\" target=\"_blank\">En savoir plus<\/a><\/p>\n<p class=\"article__abstract-call-to-action\" data-ariato=\"TrackableElement\" data-trackable-element-type=\"article_abstract_cta\" data-trackable-element-location=\"article_header\" data-trackable-element-id=\"517205\">\n        <a data-event=\"click-&gt;clicked\" href=\"https:\/\/www.letemps.ch\/abonnements\" rel=\"nofollow noopener\" target=\"_blank\">Abonnez-vous<\/a> pour acc\u00e9der au r\u00e9sum\u00e9 en 20 secondes.\n      <\/p>\n<p>Une \u00e9tude statistique du site sp\u00e9cialis\u00e9 Foot Mercato apprend que 107 des 658\u00a0joueurs qui participent \u00e0 la Coupe d\u2019Afrique des nations (CAN) sont n\u00e9s en France, dont 45 en \u00cele-de-France, alors que les 28 s\u00e9lectionn\u00e9s du Maroc proviennent de six pays diff\u00e9rents. Le football africain compte toujours sur sa diaspora et les doubles-nationaux europ\u00e9ens (186\u00a0joueurs), mais pas seulement. Ainsi, le premier quart de finale de la CAN, Mali-S\u00e9n\u00e9gal \u00e0 Tanger ce vendredi (17h), oppose deux \u00e9quipes largement construites \u00e0 partir de joueurs form\u00e9s dans des acad\u00e9mies africaines.<\/p>\n<p>Chez les Aigles du Mali, neuf joueurs sont issus de l\u2019acad\u00e9mie fond\u00e9e par Jean-Marc Guillou, JMG Football. L\u2019automne dernier, le Lausannois Gaoussou Diakit\u00e9, pr\u00e9sent au Maroc, avait expliqu\u00e9 au Temps les m\u00e9thodes de ce centre de formation qui mise sur un recrutement tr\u00e8s s\u00e9lectif et un apprentissage autour de la technique et de l\u2019expression individuelles. Du c\u00f4t\u00e9 des Lions de la Teranga, six joueurs s\u00e9n\u00e9galais ont appris leur m\u00e9tier \u00e0 G\u00e9n\u00e9ration Foot (GF), une acad\u00e9mie bas\u00e9e \u00e0 D\u00e9ni Biram Ndao, \u00e0 40\u00a0km au nord de Dakar. Parmi eux, une star mondiale: Sadio Man\u00e9, qui \u00e9volue en Arabie saoudite (Al-Nassr) apr\u00e8s avoir brill\u00e9 \u00e0 Liverpool.<\/p>\n","protected":false},"excerpt":{"rendered":"R\u00e9sum\u00e9 en 20 secondes En savoir plus sur ce type de contenu Ce r\u00e9sum\u00e9 peut avoir \u00e9t\u00e9 \u00e9crit&hellip;\n","protected":false},"author":2,"featured_media":12902,"comment_status":"","ping_status":"","sticky":false,"template":"","format":"standard","meta":{"footnotes":""},"categories":[48],"tags":[64,1361,5198,159,310],"class_list":{"0":"post-12901","1":"post","2":"type-post","3":"status-publish","4":"format-standard","5":"has-post-thumbnail","7":"category-senegal","8":"tag-afrique","9":"tag-monde","10":"tag-premium","11":"tag-senegal","12":"tag-sport"},"share_on_mastodon":{"url":"","error":""},"_links":{"self":[{"href":"https:\/\/www.europesays.com\/africa\/wp-json\/wp\/v2\/posts\/12901","targetHints":{"allow":["GET"]}}],"collection":[{"href":"https:\/\/www.europesays.com\/africa\/wp-json\/wp\/v2\/posts"}],"about":[{"href":"https:\/\/www.europesays.com\/africa\/wp-json\/wp\/v2\/types\/post"}],"author":[{"embeddable":true,"href":"https:\/\/www.europesays.com\/africa\/wp-json\/wp\/v2\/users\/2"}],"replies":[{"embeddable":true,"href":"https:\/\/www.europesays.com\/africa\/wp-json\/wp\/v2\/comments?post=12901"}],"version-history":[{"count":0,"href":"https:\/\/www.europesays.com\/africa\/wp-json\/wp\/v2\/posts\/12901\/revisions"}],"wp:featuredmedia":[{"embeddable":true,"href":"https:\/\/www.europesays.com\/africa\/wp-json\/wp\/v2\/media\/12902"}],"wp:attachment":[{"href":"https:\/\/www.europesays.com\/africa\/wp-json\/wp\/v2\/media?parent=12901"}],"wp:term":[{"taxonomy":"category","embeddable":true,"href":"https:\/\/www.europesays.com\/africa\/wp-json\/wp\/v2\/categories?post=12901"},{"taxonomy":"post_tag","embeddable":true,"href":"https:\/\/www.europesays.com\/africa\/wp-json\/wp\/v2\/tags?post=12901"}],"curies":[{"name":"wp","href":"https:\/\/api.w.org\/{rel}","templated":true}]}}