{"id":12903,"date":"2026-01-09T09:37:06","date_gmt":"2026-01-09T09:37:06","guid":{"rendered":"https:\/\/www.europesays.com\/africa\/12903\/"},"modified":"2026-01-09T09:37:06","modified_gmt":"2026-01-09T09:37:06","slug":"maroc-cameroun-en-direct-a-quelle-heure-et-sur-quelle-chaine-voir-le-quart-de-finale-de-la-can","status":"publish","type":"post","link":"https:\/\/www.europesays.com\/africa\/12903\/","title":{"rendered":"Maroc \u2013 Cameroun en direct : \u00e0 quelle heure et sur quelle cha\u00eene voir le quart de finale de la CAN ?"},"content":{"rendered":"<p class=\"\">Le Maroc avance avec une dynamique globalement ma\u00eetris\u00e9e depuis le d\u00e9but de la comp\u00e9tition. Les Lions de l\u2019Atlas s\u2019appuient sur une organisation bien en place, articul\u00e9e autour du leadership d\u00e9fensif de Romain Sa\u00efss et de la r\u00e9gularit\u00e9 de Nayef Aguerd. Dans l\u2019entrejeu, Sofyan Amrabat donne le tempo et s\u00e9curise les transitions, tandis que Hakim Ziyech reste le principal cr\u00e9ateur, capable de d\u00e9bloquer une situation sur coup de pied arr\u00eat\u00e9 ou dans le jeu plac\u00e9. En face, le Cameroun arrive avec un profil plus direct. Les Lions indomptables misent sur l\u2019impact physique et l\u2019exp\u00e9rience de cadres comme Vincent Aboubakar, toujours d\u00e9cisif dans les matchs \u00e0 \u00e9limination directe, et sur l\u2019activit\u00e9 de Carlos Baleba au milieu. Capable de changer de rythme rapidement, le Cameroun cherchera \u00e0 perturber la ma\u00eetrise marocaine en exploitant les transitions et les duels. Ce quart de finale de la CAN s\u2019annonce tr\u00e8s disput\u00e9.<\/p>\n","protected":false},"excerpt":{"rendered":"Le Maroc avance avec une dynamique globalement ma\u00eetris\u00e9e depuis le d\u00e9but de la comp\u00e9tition. Les Lions de l\u2019Atlas&hellip;\n","protected":false},"author":2,"featured_media":12904,"comment_status":"","ping_status":"","sticky":false,"template":"","format":"standard","meta":{"footnotes":""},"categories":[41],"tags":[2162,158,2163],"class_list":{"0":"post-12903","1":"post","2":"type-post","3":"status-publish","4":"format-standard","5":"has-post-thumbnail","7":"category-maroc","8":"tag-guide-shopping","9":"tag-maroc","10":"tag-tv-streaming"},"share_on_mastodon":{"url":"","error":""},"_links":{"self":[{"href":"https:\/\/www.europesays.com\/africa\/wp-json\/wp\/v2\/posts\/12903","targetHints":{"allow":["GET"]}}],"collection":[{"href":"https:\/\/www.europesays.com\/africa\/wp-json\/wp\/v2\/posts"}],"about":[{"href":"https:\/\/www.europesays.com\/africa\/wp-json\/wp\/v2\/types\/post"}],"author":[{"embeddable":true,"href":"https:\/\/www.europesays.com\/africa\/wp-json\/wp\/v2\/users\/2"}],"replies":[{"embeddable":true,"href":"https:\/\/www.europesays.com\/africa\/wp-json\/wp\/v2\/comments?post=12903"}],"version-history":[{"count":0,"href":"https:\/\/www.europesays.com\/africa\/wp-json\/wp\/v2\/posts\/12903\/revisions"}],"wp:featuredmedia":[{"embeddable":true,"href":"https:\/\/www.europesays.com\/africa\/wp-json\/wp\/v2\/media\/12904"}],"wp:attachment":[{"href":"https:\/\/www.europesays.com\/africa\/wp-json\/wp\/v2\/media?parent=12903"}],"wp:term":[{"taxonomy":"category","embeddable":true,"href":"https:\/\/www.europesays.com\/africa\/wp-json\/wp\/v2\/categories?post=12903"},{"taxonomy":"post_tag","embeddable":true,"href":"https:\/\/www.europesays.com\/africa\/wp-json\/wp\/v2\/tags?post=12903"}],"curies":[{"name":"wp","href":"https:\/\/api.w.org\/{rel}","templated":true}]}}