{"id":12928,"date":"2026-01-09T09:52:18","date_gmt":"2026-01-09T09:52:18","guid":{"rendered":"https:\/\/www.europesays.com\/africa\/12928\/"},"modified":"2026-01-09T09:52:18","modified_gmt":"2026-01-09T09:52:18","slug":"250-ans-damitie-et-des-equilibres-diplomatiques-en-evolution","status":"publish","type":"post","link":"https:\/\/www.europesays.com\/africa\/12928\/","title":{"rendered":"250 ans d\u2019amiti\u00e9 et des \u00e9quilibres diplomatiques en \u00e9volution"},"content":{"rendered":"<p>\t\t\tLa c\u00e9l\u00e9bration des 250 ans d\u2019amiti\u00e9 entre le Maroc et les \u00c9tats-Unis a mis en lumi\u00e8re une relation bilat\u00e9rale qui d\u00e9passe largement le cadre symbolique. Au-del\u00e0 de l\u2019hommage historique, l\u2019\u00e9v\u00e9nement a r\u00e9v\u00e9l\u00e9 l\u2019\u00e9volution progressive des \u00e9quilibres diplomatiques et la place centrale qu\u2019occupe d\u00e9sormais le dossier du Sahara marocain dans les \u00e9changes strat\u00e9giques entre Rabat et Washington.<\/p>\n<p style=\"text-align: justify;\">\u00c0 Washington, la comm\u00e9moration n\u2019a pas pris la seule forme d\u2019un hommage protocolaire \u00e0 une relation ancienne. Derri\u00e8re la solennit\u00e9 d\u2019une r\u00e9ception organis\u00e9e au c\u0153ur du Congr\u00e8s am\u00e9ricain, un message politique s\u2019est d\u00e9gag\u00e9\u00a0; celui d\u2019un partenariat strat\u00e9gique parvenu \u00e0 un moment charni\u00e8re, dans un contexte international marqu\u00e9 par des recompositions g\u00e9opolitiques et s\u00e9curitaires, et alors que les dynamiques diplomatiques autour du Sahara marocain connaissent des \u00e9volutions notables.<\/p>\n<p style=\"text-align: justify;\">Loin d\u2019un statu quo parfois \u00e9voqu\u00e9 \u00e0 la suite de la r\u00e9solution onusienne 2797 du 31 octobre 2025, les discussions continuent d\u2019\u00e9voluer, avec un centre de gravit\u00e9 qui semble se d\u00e9placer de mani\u00e8re croissante vers Washington, selon plusieurs observateurs.<\/p>\n<p style=\"text-align: justify;\">250 ans d\u2019une relation singuli\u00e8re<\/p>\n<p style=\"text-align: justify;\">Mardi 6 janvier au soir, le Capitole s\u2019est par\u00e9 des couleurs du Royaume \u00e0 l\u2019occasion d\u2019une c\u00e9r\u00e9monie organis\u00e9e dans la prestigieuse Kennedy Caucus Room. Plus de 200 invit\u00e9s ont pris part \u00e0 l\u2019\u00e9v\u00e9nement, \u00e0 l\u2019initiative du \u00ab Project Legacy Morocco \u00bb, parmi lesquels des s\u00e9nateurs, des membres du Congr\u00e8s, de hauts responsables militaires, des diplomates, ainsi que des repr\u00e9sentants de la communaut\u00e9 marocaine \u00e9tablie aux \u00c9tats-Unis. La pr\u00e9sence de responsables issus des deux partis a illustr\u00e9 le caract\u00e8re transpartisan de l\u2019estime dont b\u00e9n\u00e9ficie le Maroc au sein des cercles d\u00e9cisionnels am\u00e9ricains, ainsi que la solidit\u00e9 d\u2019un partenariat fond\u00e9 sur une convergence durable d\u2019int\u00e9r\u00eats strat\u00e9giques.<\/p>\n<p style=\"text-align: justify;\">Les diff\u00e9rentes interventions ont fait du rappel historique un fil conducteur, tout en inscrivant la relation bilat\u00e9rale dans une perspective r\u00e9solument tourn\u00e9e vers l\u2019avenir. Plusieurs \u00e9lus ont rappel\u00e9 que le Maroc fut, en 1777, le premier pays \u00e0 reconna\u00eetre l\u2019ind\u00e9pendance des \u00c9tats-Unis, un acte fondateur qui continue de structurer les relations entre les deux nations.<\/p>\n<p style=\"text-align: justify;\">Le s\u00e9nateur r\u00e9publicain Tim Sheehy est revenu sur cette p\u00e9riode fondatrice, soulignant qu\u2019\u00e0 une \u00e9poque o\u00f9 la jeune R\u00e9publique am\u00e9ricaine cherchait encore sa place sur la sc\u00e8ne internationale, le Royaume figurait parmi les rares \u00c9tats \u00e0 lui accorder reconnaissance et soutien. \u00c9voquant les d\u00e9fis contemporains, notamment en mati\u00e8re de s\u00e9curit\u00e9, il a plaid\u00e9 pour un renforcement des alliances \u00e9prouv\u00e9es par l\u2019histoire, estimant qu\u2019\u00ab il est plus important que jamais d\u2019investir dans des partenariats solides et fiables \u00bb.<\/p>\n<p style=\"text-align: justify;\">Lire aussi :\u00a0<a style=\"color: #008000;\" href=\"https:\/\/maroc-diplomatique.net\/les-relations-historiques-et-le-partenariat-strategique-maroc-etats-unis-celebres\/\" rel=\"nofollow noopener\" target=\"_blank\">Les relations historiques et le partenariat strat\u00e9gique Maroc\u2013\u00c9tats-Unis c\u00e9l\u00e9br\u00e9s au Congr\u00e8s am\u00e9ricain<\/a><\/p>\n<p style=\"text-align: justify;\">Un alli\u00e9 strat\u00e9gique salu\u00e9 des deux c\u00f4t\u00e9s de l\u2019\u00e9chiquier politique<\/p>\n<p style=\"text-align: justify;\">Dans la m\u00eame veine, le s\u00e9nateur d\u00e9mocrate Tim Kaine a insist\u00e9 sur la port\u00e9e strat\u00e9gique de l\u2019axe Rabat-Washington. Il a rappel\u00e9 que l\u2019ann\u00e9e marquant le 250\u1d49 anniversaire de l\u2019ind\u00e9pendance am\u00e9ricaine constituait \u00e9galement l\u2019occasion d\u2019honorer \u00ab le plus ancien partenaire diplomatique des \u00c9tats-Unis, le Royaume du Maroc \u00bb, soulignant que cette relation demeure essentielle et appel\u00e9e, selon lui, \u00e0 gagner encore en importance dans un environnement international instable.<\/p>\n<p style=\"text-align: justify;\">Le congressman Jimmy Panetta a, pour sa part, mis en avant la constance du partenariat maroco-am\u00e9ricain pr\u00e8s de deux si\u00e8cles et demi apr\u00e8s l\u2019acte fondateur de 1777. Il a rappel\u00e9 que le Maroc reste le seul pays africain li\u00e9 aux \u00c9tats-Unis par un accord de libre-\u00e9change, un \u00e9l\u00e9ment qu\u2019il a pr\u00e9sent\u00e9 comme le reflet d\u2019un niveau de confiance \u00e9conomique et strat\u00e9gique peu commun sur le continent.<\/p>\n<p style=\"text-align: justify;\">Une alliance inscrite dans la dur\u00e9e<\/p>\n<p style=\"text-align: justify;\">Prenant la parole lors de la c\u00e9r\u00e9monie, l\u2019ambassadeur du Maroc \u00e0 Washington, Youssef Amrani, a soulign\u00e9 que cette relation exceptionnelle s\u2019inscrit dans la continuit\u00e9 d\u2019une vision strat\u00e9gique port\u00e9e par Sa Majest\u00e9 le Roi Mohammed VI et par ses pr\u00e9d\u00e9cesseurs. Selon lui, \u00ab 250 ann\u00e9es de relations diplomatiques ne rel\u00e8vent pas du hasard \u00bb, mais traduisent un engagement constant et un respect mutuel profond\u00e9ment ancr\u00e9s.<\/p>\n<p style=\"text-align: justify;\">Le diplomate a mis en avant une coop\u00e9ration qui a su d\u00e9passer l\u2019\u00e9loignement g\u00e9ographique, citant notamment l\u2019accord de libre-\u00e9change et l\u2019organisation r\u00e9guli\u00e8re d\u2019exercices militaires conjoints d\u2019envergure sur le continent africain comme illustrations concr\u00e8tes de cette alliance.<\/p>\n<p style=\"text-align: justify;\">Au-del\u00e0 de l\u2019hommage historique, la soir\u00e9e a \u00e9galement permis de souligner les convergences strat\u00e9giques actuelles entre les deux pays. M. Amrani a \u00e9voqu\u00e9 un dialogue bilat\u00e9ral qu\u2019il a qualifi\u00e9 de profond et durable, estimant que cette compr\u00e9hension mutuelle a favoris\u00e9 des rapprochements sur plusieurs dossiers structurants, dont la position am\u00e9ricaine sur le Sahara marocain, pr\u00e9sent\u00e9e comme un \u00e9l\u00e9ment central de la relation.<\/p>\n<p style=\"text-align: justify;\">Cette lecture a \u00e9t\u00e9 confort\u00e9e par l\u2019intervention de Rudolph Atallah, directeur adjoint principal charg\u00e9 de la lutte contre le terrorisme au Conseil national de s\u00e9curit\u00e9 de la Maison Blanche. Ce dernier a salu\u00e9 le r\u00f4le du Maroc en tant que \u00ab pilier de stabilit\u00e9, de mod\u00e9ration et de leadership tourn\u00e9 vers l\u2019avenir \u00bb, mettant en avant la coop\u00e9ration bilat\u00e9rale dans les domaines de la s\u00e9curit\u00e9, du d\u00e9veloppement \u00e9conomique et de la coordination r\u00e9gionale.<\/p>\n<p style=\"text-align: justify;\">Selon lui, le Royaume s\u2019est distingu\u00e9 par une approche qu\u2019il a qualifi\u00e9e de \u00ab fiable, coh\u00e9rente et discr\u00e8te \u00bb face aux d\u00e9fis r\u00e9gionaux et internationaux, contribuant ainsi au renforcement d\u2019un partenariat appel\u00e9, de part et d\u2019autre, \u00e0 se projeter dans la dur\u00e9e.<\/p>\n","protected":false},"excerpt":{"rendered":"La c\u00e9l\u00e9bration des 250 ans d\u2019amiti\u00e9 entre le Maroc et les \u00c9tats-Unis a mis en lumi\u00e8re une relation&hellip;\n","protected":false},"author":2,"featured_media":12929,"comment_status":"","ping_status":"","sticky":false,"template":"","format":"standard","meta":{"footnotes":""},"categories":[41],"tags":[8795,3625,158,248,4053],"class_list":{"0":"post-12928","1":"post","2":"type-post","3":"status-publish","4":"format-standard","5":"has-post-thumbnail","7":"category-maroc","8":"tag-diplomatiques","9":"tag-etats-unis","10":"tag-maroc","11":"tag-politique","12":"tag-sahara-marocain"},"share_on_mastodon":{"url":"","error":""},"_links":{"self":[{"href":"https:\/\/www.europesays.com\/africa\/wp-json\/wp\/v2\/posts\/12928","targetHints":{"allow":["GET"]}}],"collection":[{"href":"https:\/\/www.europesays.com\/africa\/wp-json\/wp\/v2\/posts"}],"about":[{"href":"https:\/\/www.europesays.com\/africa\/wp-json\/wp\/v2\/types\/post"}],"author":[{"embeddable":true,"href":"https:\/\/www.europesays.com\/africa\/wp-json\/wp\/v2\/users\/2"}],"replies":[{"embeddable":true,"href":"https:\/\/www.europesays.com\/africa\/wp-json\/wp\/v2\/comments?post=12928"}],"version-history":[{"count":0,"href":"https:\/\/www.europesays.com\/africa\/wp-json\/wp\/v2\/posts\/12928\/revisions"}],"wp:featuredmedia":[{"embeddable":true,"href":"https:\/\/www.europesays.com\/africa\/wp-json\/wp\/v2\/media\/12929"}],"wp:attachment":[{"href":"https:\/\/www.europesays.com\/africa\/wp-json\/wp\/v2\/media?parent=12928"}],"wp:term":[{"taxonomy":"category","embeddable":true,"href":"https:\/\/www.europesays.com\/africa\/wp-json\/wp\/v2\/categories?post=12928"},{"taxonomy":"post_tag","embeddable":true,"href":"https:\/\/www.europesays.com\/africa\/wp-json\/wp\/v2\/tags?post=12928"}],"curies":[{"name":"wp","href":"https:\/\/api.w.org\/{rel}","templated":true}]}}