{"id":12943,"date":"2026-01-09T10:06:18","date_gmt":"2026-01-09T10:06:18","guid":{"rendered":"https:\/\/www.europesays.com\/africa\/12943\/"},"modified":"2026-01-09T10:06:18","modified_gmt":"2026-01-09T10:06:18","slug":"mali-senegal-en-direct-a-quelle-heure-et-sur-quelle-chaine-voir-le-quart-de-finale-de-la-can","status":"publish","type":"post","link":"https:\/\/www.europesays.com\/africa\/12943\/","title":{"rendered":"Mali \u2013 S\u00e9n\u00e9gal en direct : \u00e0 quelle heure et sur quelle cha\u00eene voir le quart de finale de la CAN ?"},"content":{"rendered":"<p class=\"\">Le Mali arrive \u00e0 ce quart de finale avec une ossature bien identifi\u00e9e. En attaque, Lassine Sinayoko a pes\u00e9 tout au long du tournoi par sa capacit\u00e9 \u00e0 attaquer la profondeur et \u00e0 convertir les rares temps forts de son \u00e9quipe. Dans l\u2019entrejeu, Mamadou Sangar\u00e9 joue un r\u00f4le central dans l\u2019\u00e9quilibre collectif, avec un gros volume de course et un travail constant \u00e0 la r\u00e9cup\u00e9ration. Face \u00e0 eux, le S\u00e9n\u00e9gal dispose d\u2019armes plus exp\u00e9riment\u00e9es. Sadio Man\u00e9 reste le principal point de fixation offensif, capable de cr\u00e9er un d\u00e9calage sur une action isol\u00e9e, tandis que Pape Gueye s\u2019est impos\u00e9 comme un relais essentiel au milieu, notamment par sa projection et son impact physique. En d\u00e9fense, le leadership de Kalidou Koulibaly apporte une s\u00e9curit\u00e9 pr\u00e9cieuse face \u00e0 une \u00e9quipe malienne disciplin\u00e9e mais opportuniste. Dans un match qui pourrait se jouer sur peu d\u2019occasions, ces individualit\u00e9s ont le profil pour faire basculer la rencontre.<\/p>\n","protected":false},"excerpt":{"rendered":"Le Mali arrive \u00e0 ce quart de finale avec une ossature bien identifi\u00e9e. En attaque, Lassine Sinayoko a&hellip;\n","protected":false},"author":2,"featured_media":12944,"comment_status":"","ping_status":"","sticky":false,"template":"","format":"standard","meta":{"footnotes":""},"categories":[48],"tags":[2162,159],"class_list":{"0":"post-12943","1":"post","2":"type-post","3":"status-publish","4":"format-standard","5":"has-post-thumbnail","7":"category-senegal","8":"tag-guide-shopping","9":"tag-senegal"},"share_on_mastodon":{"url":"","error":""},"_links":{"self":[{"href":"https:\/\/www.europesays.com\/africa\/wp-json\/wp\/v2\/posts\/12943","targetHints":{"allow":["GET"]}}],"collection":[{"href":"https:\/\/www.europesays.com\/africa\/wp-json\/wp\/v2\/posts"}],"about":[{"href":"https:\/\/www.europesays.com\/africa\/wp-json\/wp\/v2\/types\/post"}],"author":[{"embeddable":true,"href":"https:\/\/www.europesays.com\/africa\/wp-json\/wp\/v2\/users\/2"}],"replies":[{"embeddable":true,"href":"https:\/\/www.europesays.com\/africa\/wp-json\/wp\/v2\/comments?post=12943"}],"version-history":[{"count":0,"href":"https:\/\/www.europesays.com\/africa\/wp-json\/wp\/v2\/posts\/12943\/revisions"}],"wp:featuredmedia":[{"embeddable":true,"href":"https:\/\/www.europesays.com\/africa\/wp-json\/wp\/v2\/media\/12944"}],"wp:attachment":[{"href":"https:\/\/www.europesays.com\/africa\/wp-json\/wp\/v2\/media?parent=12943"}],"wp:term":[{"taxonomy":"category","embeddable":true,"href":"https:\/\/www.europesays.com\/africa\/wp-json\/wp\/v2\/categories?post=12943"},{"taxonomy":"post_tag","embeddable":true,"href":"https:\/\/www.europesays.com\/africa\/wp-json\/wp\/v2\/tags?post=12943"}],"curies":[{"name":"wp","href":"https:\/\/api.w.org\/{rel}","templated":true}]}}