{"id":13009,"date":"2026-01-09T10:48:06","date_gmt":"2026-01-09T10:48:06","guid":{"rendered":"https:\/\/www.europesays.com\/africa\/13009\/"},"modified":"2026-01-09T10:48:06","modified_gmt":"2026-01-09T10:48:06","slug":"les-previsions-de-lanacim-pour-ces-localites-ce-vendredi","status":"publish","type":"post","link":"https:\/\/www.europesays.com\/africa\/13009\/","title":{"rendered":"Les pr\u00e9visions de l&#8217;ANACIM pour ces localit\u00e9s, ce vendredi"},"content":{"rendered":"<p class=\"firstp\">Le bulletin m\u00e9t\u00e9orologique publi\u00e9 par l\u2019ANACIM pour ce vendredi 9 janvier 2026 annonce un ciel passag\u00e8rement nuageux \u00e0 nuageux sur la majeure partie du S\u00e9n\u00e9gal, avec un temps parfois couvert et des risques de pluies localis\u00e9es, notamment dans les zones Nord et Ouest du pays.<\/p>\n<p>Les temp\u00e9ratures maximales resteront mod\u00e9r\u00e9es et n\u2019exc\u00e9deront pas 33\u00b0C du nord au sud. La fra\u00eecheur nocturne et matinale se maintiendra sur l\u2019ensemble du territoire, plus marqu\u00e9e pr\u00e8s des c\u00f4tes et au Nord. La visibilit\u00e9 sera globalement bonne.\n<\/p>\n<p>\u00c0 <a href=\"https:\/\/www.senenews.com\/actualites\/fraicheur-persistante-la-nuit-et-le-petit-matin-lanacim-publie-la-carte-des-temperatures_570511.html\" rel=\"nofollow noopener\" target=\"_blank\">Dakar et Thi\u00e8s<\/a>, un temps nuageux avec possibilit\u00e9s de pluie est attendu, tandis que Matam et Saint-Louis conna\u00eetront des temp\u00e9ratures plus basses sous un ciel nuageux. Les vents, de secteur Nord, souffleront faiblement \u00e0 mod\u00e9r\u00e9ment, devenant assez forts sur le littoral.<br \/>Aucune alerte m\u00e9t\u00e9orologique particuli\u00e8re n\u2019est signal\u00e9e pour la journ\u00e9e.<\/p>\n","protected":false},"excerpt":{"rendered":"Le bulletin m\u00e9t\u00e9orologique publi\u00e9 par l\u2019ANACIM pour ce vendredi 9 janvier 2026 annonce un ciel passag\u00e8rement nuageux \u00e0&hellip;\n","protected":false},"author":2,"featured_media":13010,"comment_status":"","ping_status":"","sticky":false,"template":"","format":"standard","meta":{"footnotes":""},"categories":[48],"tags":[6514,2148,8846,159,163,239],"class_list":{"0":"post-13009","1":"post","2":"type-post","3":"status-publish","4":"format-standard","5":"has-post-thumbnail","7":"category-senegal","8":"tag-anacim","9":"tag-meteo","10":"tag-pluie","11":"tag-senegal","12":"tag-senegal-actualites","13":"tag-societe"},"share_on_mastodon":{"url":"","error":""},"_links":{"self":[{"href":"https:\/\/www.europesays.com\/africa\/wp-json\/wp\/v2\/posts\/13009","targetHints":{"allow":["GET"]}}],"collection":[{"href":"https:\/\/www.europesays.com\/africa\/wp-json\/wp\/v2\/posts"}],"about":[{"href":"https:\/\/www.europesays.com\/africa\/wp-json\/wp\/v2\/types\/post"}],"author":[{"embeddable":true,"href":"https:\/\/www.europesays.com\/africa\/wp-json\/wp\/v2\/users\/2"}],"replies":[{"embeddable":true,"href":"https:\/\/www.europesays.com\/africa\/wp-json\/wp\/v2\/comments?post=13009"}],"version-history":[{"count":0,"href":"https:\/\/www.europesays.com\/africa\/wp-json\/wp\/v2\/posts\/13009\/revisions"}],"wp:featuredmedia":[{"embeddable":true,"href":"https:\/\/www.europesays.com\/africa\/wp-json\/wp\/v2\/media\/13010"}],"wp:attachment":[{"href":"https:\/\/www.europesays.com\/africa\/wp-json\/wp\/v2\/media?parent=13009"}],"wp:term":[{"taxonomy":"category","embeddable":true,"href":"https:\/\/www.europesays.com\/africa\/wp-json\/wp\/v2\/categories?post=13009"},{"taxonomy":"post_tag","embeddable":true,"href":"https:\/\/www.europesays.com\/africa\/wp-json\/wp\/v2\/tags?post=13009"}],"curies":[{"name":"wp","href":"https:\/\/api.w.org\/{rel}","templated":true}]}}