{"id":1317,"date":"2026-01-03T22:30:10","date_gmt":"2026-01-03T22:30:10","guid":{"rendered":"https:\/\/www.europesays.com\/africa\/1317\/"},"modified":"2026-01-03T22:30:10","modified_gmt":"2026-01-03T22:30:10","slug":"football-moussa-niakhate-poursuit-sa-route-a-la-can-avec-le-senegal","status":"publish","type":"post","link":"https:\/\/www.europesays.com\/africa\/1317\/","title":{"rendered":"Football. Moussa Niakhat\u00e9 poursuit sa route \u00e0 la CAN avec le S\u00e9n\u00e9gal"},"content":{"rendered":"<p>Au m\u00eame moment o\u00f9 l\u2019OL s\u2019offrait sa premi\u00e8re victoire de l\u2019ann\u00e9e \u00e0 Louis-II, ce samedi, le premier huiti\u00e8me de finale de la Coupe d\u2019Afrique des Nations a vu le S\u00e9n\u00e9gal de <a href=\"https:\/\/www.leprogres.fr\/p\/moussa-niakhate\" target=\"_blank\" rel=\"nofollow noopener\">Moussa Niakhat\u00e9<\/a> s\u2019imposer ce samedi face au Soudan (3-1). Malgr\u00e9 l\u2019ouverture du score adverse, les Lions se sont bien repris notamment gr\u00e2ce au doubl\u00e9 de l\u2019ancien marseillais Pape Gueye.<\/p>\n<p>Le d\u00e9fenseur central de l\u2019OL a disput\u00e9 les 90 minutes et s\u2019avance donc vers les quarts de finale de l\u2019\u00e9preuve continentale. Vendredi, le S\u00e9n\u00e9gal de Pape Thiaw aura rendez-vous face au Mali ou \u00e0 la Tunisie. En cas de demi-finale, il rejouera mercredi. La finale de l\u2019\u00e9preuve disput\u00e9e au Maroc se tiendra le dimanche 18\u00a0janvier, tandis que l\u2019OL accueilllera Brest pour la 18e journ\u00e9e de L1.<\/p>\n<p>Son entra\u00eeneur <a href=\"https:\/\/www.leprogres.fr\/sport\/2026\/01\/02\/ol-mata-titulaire-a-monaco-niakhate-aussi-attendu-rapidement-apres-la-can\" target=\"_blank\" rel=\"nofollow noopener\">Paulo Fonseca avait indiqu\u00e9 vendredi attendre rapidement son d\u00e9fenseur central<\/a> apr\u00e8s la fin de son aventure en s\u00e9lection, comme <a href=\"https:\/\/www.leprogres.fr\/p\/clinton-mata-footballeur-angolais\" target=\"_blank\" rel=\"nofollow noopener\">Clinton Mata<\/a> avant lui.<\/p>\n","protected":false},"excerpt":{"rendered":"Au m\u00eame moment o\u00f9 l\u2019OL s\u2019offrait sa premi\u00e8re victoire de l\u2019ann\u00e9e \u00e0 Louis-II, ce samedi, le premier huiti\u00e8me&hellip;\n","protected":false},"author":2,"featured_media":1318,"comment_status":"","ping_status":"","sticky":false,"template":"","format":"standard","meta":{"footnotes":""},"categories":[48],"tags":[1489,311,1487,1488,1486,159,310],"class_list":{"0":"post-1317","1":"post","2":"type-post","3":"status-publish","4":"format-standard","5":"has-post-thumbnail","7":"category-senegal","8":"tag-edition-lyon-villeurbanne","9":"tag-football","10":"tag-lyon","11":"tag-lyon-bassin","12":"tag-ol-olympique-lyonnais-football","13":"tag-senegal","14":"tag-sport"},"share_on_mastodon":{"url":"","error":""},"_links":{"self":[{"href":"https:\/\/www.europesays.com\/africa\/wp-json\/wp\/v2\/posts\/1317","targetHints":{"allow":["GET"]}}],"collection":[{"href":"https:\/\/www.europesays.com\/africa\/wp-json\/wp\/v2\/posts"}],"about":[{"href":"https:\/\/www.europesays.com\/africa\/wp-json\/wp\/v2\/types\/post"}],"author":[{"embeddable":true,"href":"https:\/\/www.europesays.com\/africa\/wp-json\/wp\/v2\/users\/2"}],"replies":[{"embeddable":true,"href":"https:\/\/www.europesays.com\/africa\/wp-json\/wp\/v2\/comments?post=1317"}],"version-history":[{"count":0,"href":"https:\/\/www.europesays.com\/africa\/wp-json\/wp\/v2\/posts\/1317\/revisions"}],"wp:featuredmedia":[{"embeddable":true,"href":"https:\/\/www.europesays.com\/africa\/wp-json\/wp\/v2\/media\/1318"}],"wp:attachment":[{"href":"https:\/\/www.europesays.com\/africa\/wp-json\/wp\/v2\/media?parent=1317"}],"wp:term":[{"taxonomy":"category","embeddable":true,"href":"https:\/\/www.europesays.com\/africa\/wp-json\/wp\/v2\/categories?post=1317"},{"taxonomy":"post_tag","embeddable":true,"href":"https:\/\/www.europesays.com\/africa\/wp-json\/wp\/v2\/tags?post=1317"}],"curies":[{"name":"wp","href":"https:\/\/api.w.org\/{rel}","templated":true}]}}