{"id":13277,"date":"2026-01-09T13:25:06","date_gmt":"2026-01-09T13:25:06","guid":{"rendered":"https:\/\/www.europesays.com\/africa\/13277\/"},"modified":"2026-01-09T13:25:06","modified_gmt":"2026-01-09T13:25:06","slug":"can-2025-ethan-mbappe-dans-le-viseur-des-fennecs-apres-le-fils-zidane-lalgerie-reve-du-frere-de-kylian","status":"publish","type":"post","link":"https:\/\/www.europesays.com\/africa\/13277\/","title":{"rendered":"CAN 2025 : Ethan Mbapp\u00e9 dans le viseur des Fennecs, apr\u00e8s le fils Zidane l\u2019Alg\u00e9rie r\u00eave du fr\u00e8re de Kylian"},"content":{"rendered":"<p class=\"paragraph text_align_left lp-f-body-02\">Ethan Mbapp\u00e9 suit de pr\u00e8s les matchs de l\u2019<a href=\"https:\/\/www.leparisien.fr\/sports\/football\/algerie\/\" target=\"_self\" rel=\"nofollow noopener\">Alg\u00e9rie<\/a> \u00e0 la <a href=\"https:\/\/www.leparisien.fr\/sports\/football\/coupe-d-afrique-des-nations\/\" target=\"_self\" rel=\"nofollow noopener\">Coupe d\u2019Afrique des nations<\/a>, mais les Fennecs le suivent aussi en retour, d\u2019une autre fa\u00e7on. Selon nos informations, confirmant celles publi\u00e9es en novembre dans des m\u00e9dias alg\u00e9riens tel que <a href=\"https:\/\/fennecfootball.com\/equipe-dalgerie-apres-zidane-la-faf-sattaque-a-mbappe\/\" target=\"_self\" rel=\"nofollow noopener\">Fennec Football<\/a>, la s\u00e9lection alg\u00e9rienne a approch\u00e9 <a href=\"https:\/\/www.leparisien.fr\/sports\/football\/ligue-1\/il-ose-il-parle-il-ne-lache-rien-comment-ethan-mbappe-buteur-face-a-lom-est-en-train-de-faire-son-trou-au-losc-06-12-2025-MM6HZX7ZLVBTBKUEK3HJV4KJSE.php\" target=\"_self\" rel=\"nofollow noopener\">le milieu de terrain de Lille<\/a>.<\/p>\n<p class=\"\">Toujours d\u00e9termin\u00e9 \u00e0 repr\u00e9senter l\u2019\u00e9quipe de France dans le futur, le fr\u00e8re de <a href=\"https:\/\/www.leparisien.fr\/sports\/football\/kylian-mbappe\/\" target=\"_self\" rel=\"nofollow noopener\">Kylian Mbapp\u00e9<\/a> poss\u00e8de effectivement des origines alg\u00e9riennes : <a href=\"https:\/\/www.leparisien.fr\/sports\/football\/coupe-d-afrique-des-nations\/can-2025-lalgerie-de-sa-mere-le-cameroun-de-son-pere-et-le-maroc-de-son-pote-kylian-mbappe-lafrique-au-fond-du-coeur-09-01-2026-2YMN27XZMJEL5G4AHMVPV4NBSQ.php\" target=\"_self\" rel=\"nofollow noopener\">les parents de Fayza Lamari, sa maman, sont kabyles<\/a>. Pour l\u2019heure, le natif de Montreuil (19 ans) n\u2019a jamais port\u00e9 le maillot des Bleus chez les jeunes, bien qu\u2019il ait d\u00e9j\u00e0 \u00e9t\u00e9 convoqu\u00e9 en U16 et en U19.<\/p>\n<p>Proche de Bentaleb et Mandi \u00e0 Lille<\/p>\n<p class=\"\">Alors qu\u2019il a accompagn\u00e9 Kylian, Wilfrid, son p\u00e8re, et Jir\u00e8s Kembo Ekoko, son fr\u00e8re adoptif, au Grand Stade de Marrakech pour assister au <a href=\"https:\/\/www.leparisien.fr\/sports\/football\/coupe-d-afrique-des-nations\/direct-cote-divoire-cameroun-suivez-le-choc-du-groupe-f-de-la-can-28-12-2025-MEVYWNDWFBCFXANTMGTZPOBZGI.php\" target=\"_self\" rel=\"nofollow noopener\">nul entre le Cameroun et la C\u00f4te d\u2019Ivoire (1-1)<\/a>, il est attentif au parcours des Alg\u00e9riens pendant cette CAN. Il faut dire qu\u2019Ethan Mbapp\u00e9 est proche de Nabil Bentaleb et A\u00efssa Mandi, ses partenaires alg\u00e9riens au Losc. Le premier n\u2019a pas \u00e9t\u00e9 retenu par Vladimir Petkovic, mais le second est bien au Maroc avec l\u2019\u00e9quipe nationale, qui disputera son quart de finale contre le Nigeria, samedi (17 heures).<\/p>\n<p class=\"\">Fin 2025, les Fennecs avaient d\u00e9j\u00e0 convaincu un joueur dont un membre de la famille a brillamment port\u00e9 le maillot de l\u2019\u00e9quipe de France. Luca Zidane, fils de Zinedine, a choisi l\u2019Alg\u00e9rie, dont il garde les cages avec succ\u00e8s depuis le d\u00e9but de la CAN.<\/p>\n","protected":false},"excerpt":{"rendered":"Ethan Mbapp\u00e9 suit de pr\u00e8s les matchs de l\u2019Alg\u00e9rie \u00e0 la Coupe d\u2019Afrique des nations, mais les Fennecs&hellip;\n","protected":false},"author":2,"featured_media":13278,"comment_status":"","ping_status":"","sticky":false,"template":"","format":"standard","meta":{"footnotes":""},"categories":[254],"tags":[255,360,311,264],"class_list":{"0":"post-13277","1":"post","2":"type-post","3":"status-publish","4":"format-standard","5":"has-post-thumbnail","7":"category-algerie","8":"tag-algerie","9":"tag-can","10":"tag-football","11":"tag-sports"},"share_on_mastodon":{"url":"","error":""},"_links":{"self":[{"href":"https:\/\/www.europesays.com\/africa\/wp-json\/wp\/v2\/posts\/13277","targetHints":{"allow":["GET"]}}],"collection":[{"href":"https:\/\/www.europesays.com\/africa\/wp-json\/wp\/v2\/posts"}],"about":[{"href":"https:\/\/www.europesays.com\/africa\/wp-json\/wp\/v2\/types\/post"}],"author":[{"embeddable":true,"href":"https:\/\/www.europesays.com\/africa\/wp-json\/wp\/v2\/users\/2"}],"replies":[{"embeddable":true,"href":"https:\/\/www.europesays.com\/africa\/wp-json\/wp\/v2\/comments?post=13277"}],"version-history":[{"count":0,"href":"https:\/\/www.europesays.com\/africa\/wp-json\/wp\/v2\/posts\/13277\/revisions"}],"wp:featuredmedia":[{"embeddable":true,"href":"https:\/\/www.europesays.com\/africa\/wp-json\/wp\/v2\/media\/13278"}],"wp:attachment":[{"href":"https:\/\/www.europesays.com\/africa\/wp-json\/wp\/v2\/media?parent=13277"}],"wp:term":[{"taxonomy":"category","embeddable":true,"href":"https:\/\/www.europesays.com\/africa\/wp-json\/wp\/v2\/categories?post=13277"},{"taxonomy":"post_tag","embeddable":true,"href":"https:\/\/www.europesays.com\/africa\/wp-json\/wp\/v2\/tags?post=13277"}],"curies":[{"name":"wp","href":"https:\/\/api.w.org\/{rel}","templated":true}]}}