{"id":13302,"date":"2026-01-09T13:41:06","date_gmt":"2026-01-09T13:41:06","guid":{"rendered":"https:\/\/www.europesays.com\/africa\/13302\/"},"modified":"2026-01-09T13:41:06","modified_gmt":"2026-01-09T13:41:06","slug":"stellar-africagold-suspend-temporairement-ses-forages-a-tichka-est","status":"publish","type":"post","link":"https:\/\/www.europesays.com\/africa\/13302\/","title":{"rendered":"Stellar AfricaGold suspend temporairement ses forages \u00e0 Tichka Est"},"content":{"rendered":"<p>La soci\u00e9t\u00e9 d\u2019exploration mini\u00e8re Stellar AfricaGold, bas\u00e9e \u00e0 Vancouver, a annonc\u00e9 la suspension provisoire de ses travaux de forage au projet aurif\u00e8re Tichka Est, \u00e0 une quatre-vingtaine de kilom\u00e8tres au sud de Marrakech. Cette d\u00e9cision fait suite \u00e0 une d\u00e9gradation marqu\u00e9e des conditions m\u00e9t\u00e9orologiques, caract\u00e9ris\u00e9e par de fortes pr\u00e9cipitations et des chutes de neige r\u00e9p\u00e9t\u00e9es dans la zone d\u2019intervention. <br \/>\u00a0 <br \/>Avant l\u2019interruption des op\u00e9rations, intervenue le 12 d\u00e9cembre 2025, le programme de forage affichait des avanc\u00e9es jug\u00e9es significatives. Huit forages diamant\u00e9s avaient \u00e9t\u00e9 men\u00e9s \u00e0 terme, pour un lin\u00e9aire cumul\u00e9 de 1 311,9 m\u00e8tres, avec une cadence op\u00e9rationnelle moyenne de 11 m\u00e8tres par jour. <br \/>\u00a0 <br \/>Les premi\u00e8res donn\u00e9es issues des travaux se sont r\u00e9v\u00e9l\u00e9es prometteuses, en particulier sur le forage TCK1, qui a recoup\u00e9 plusieurs intervalles \u00e0 forte min\u00e9ralisation aurif\u00e8re. Parmi les r\u00e9sultats notables figure une section de 13 m\u00e8tres titrant 6,12 grammes d\u2019or par tonne, incluant un intervalle de 2 m\u00e8tres \u00e0 22,28 g\/t. <br \/>\u00a0 <br \/>Implant\u00e9 \u00e0 une altitude avoisinant les 2 500 m\u00e8tres, le site de Tichka Est a \u00e9t\u00e9 affect\u00e9 par des \u00e9pisodes climatiques exceptionnels pour cette r\u00e9gion du Maroc. Les pluies abondantes et les chutes de neige ont rendu les voies d\u2019acc\u00e8s impraticables, compromettant \u00e0 la fois la s\u00e9curit\u00e9 des \u00e9quipes sur le terrain et la logistique li\u00e9e \u00e0 l\u2019acheminement du mat\u00e9riel et des approvisionnements. <br \/>\u00a0 <br \/>Malgr\u00e9 plusieurs tentatives de remise en \u00e9tat du r\u00e9seau routier par les \u00e9quipes locales, les interventions ont \u00e9t\u00e9 syst\u00e9matiquement contrari\u00e9es par de nouvelles perturbations m\u00e9t\u00e9orologiques. <br \/>\u00a0 <br \/>Stellar AfricaGold indique que la reprise des forages interviendra d\u00e8s l\u2019am\u00e9lioration des conditions sur le terrain. Deux sondages restent \u00e0 r\u00e9aliser afin d\u2019atteindre l\u2019objectif initial fix\u00e9 \u00e0 1 500 m\u00e8tres. \u00c0 ce stade, cinq forages ont d\u00e9j\u00e0 fait l\u2019objet d\u2019un \u00e9chantillonnage complet et d\u2019analyses, un sixi\u00e8me est en cours de traitement au laboratoire Afrilab de Marrakech, tandis que deux autres attendent leur transfert pour analyse. <br \/>\u00a0 <br \/>\u00ab Le mod\u00e8le structural du projet Tichka Est demeure robuste et le potentiel d\u2019extension des zones min\u00e9ralis\u00e9es reste \u00e9lev\u00e9 \u00bb, a soulign\u00e9 Jean-Fran\u00e7ois Lalonde, pr\u00e9sident-directeur g\u00e9n\u00e9ral de Stellar AfricaGold. <br \/>\u00a0 <br \/>Le projet Tichka Est s\u2019\u00e9tend sur une superficie de 82 kilom\u00e8tres carr\u00e9s r\u00e9partis sur sept permis miniers. Dans le cadre d\u2019un partenariat avec l\u2019Office national des hydrocarbures et des mines (ONHYM), la soci\u00e9t\u00e9 canadienne peut porter sa participation \u00e0 85 %, sous r\u00e9serve d\u2019un engagement de d\u00e9penses d\u2019exploration de 2,39 millions de dollars sur une p\u00e9riode de trois ans.<\/p>\n","protected":false},"excerpt":{"rendered":"La soci\u00e9t\u00e9 d\u2019exploration mini\u00e8re Stellar AfricaGold, bas\u00e9e \u00e0 Vancouver, a annonc\u00e9 la suspension provisoire de ses travaux de&hellip;\n","protected":false},"author":2,"featured_media":13303,"comment_status":"","ping_status":"","sticky":false,"template":"","format":"standard","meta":{"footnotes":""},"categories":[41],"tags":[554,553,555,556,563,565,560,567,561,557,162,566,564,558,559,158,562,248,239,310,568],"class_list":{"0":"post-13302","1":"post","2":"type-post","3":"status-publish","4":"format-standard","5":"has-post-thumbnail","7":"category-maroc","8":"tag-actualites","9":"tag-actualites-et-infos-au-maroc","10":"tag-actualites-et-infos-mondiale","11":"tag-actualites-marocaines-du-jour","12":"tag-alimentation","13":"tag-analyses","14":"tag-art-de-vivre","15":"tag-chronique","16":"tag-consommation-et-bien-etre","17":"tag-culture","18":"tag-economie","19":"tag-edito","20":"tag-etudes","21":"tag-insolite","22":"tag-loisirs","23":"tag-maroc","24":"tag-mode","25":"tag-politique","26":"tag-societe","27":"tag-sport","28":"tag-tribune"},"share_on_mastodon":{"url":"","error":""},"_links":{"self":[{"href":"https:\/\/www.europesays.com\/africa\/wp-json\/wp\/v2\/posts\/13302","targetHints":{"allow":["GET"]}}],"collection":[{"href":"https:\/\/www.europesays.com\/africa\/wp-json\/wp\/v2\/posts"}],"about":[{"href":"https:\/\/www.europesays.com\/africa\/wp-json\/wp\/v2\/types\/post"}],"author":[{"embeddable":true,"href":"https:\/\/www.europesays.com\/africa\/wp-json\/wp\/v2\/users\/2"}],"replies":[{"embeddable":true,"href":"https:\/\/www.europesays.com\/africa\/wp-json\/wp\/v2\/comments?post=13302"}],"version-history":[{"count":0,"href":"https:\/\/www.europesays.com\/africa\/wp-json\/wp\/v2\/posts\/13302\/revisions"}],"wp:featuredmedia":[{"embeddable":true,"href":"https:\/\/www.europesays.com\/africa\/wp-json\/wp\/v2\/media\/13303"}],"wp:attachment":[{"href":"https:\/\/www.europesays.com\/africa\/wp-json\/wp\/v2\/media?parent=13302"}],"wp:term":[{"taxonomy":"category","embeddable":true,"href":"https:\/\/www.europesays.com\/africa\/wp-json\/wp\/v2\/categories?post=13302"},{"taxonomy":"post_tag","embeddable":true,"href":"https:\/\/www.europesays.com\/africa\/wp-json\/wp\/v2\/tags?post=13302"}],"curies":[{"name":"wp","href":"https:\/\/api.w.org\/{rel}","templated":true}]}}