{"id":13324,"date":"2026-01-09T13:55:08","date_gmt":"2026-01-09T13:55:08","guid":{"rendered":"https:\/\/www.europesays.com\/africa\/13324\/"},"modified":"2026-01-09T13:55:08","modified_gmt":"2026-01-09T13:55:08","slug":"en-direct-mali-senegal-match-piege-pour-les-lions-de-la-teranga-aux-portes-de-la-demie-suivez-ce-quart-de-finale-de-la-can-avec-nous","status":"publish","type":"post","link":"https:\/\/www.europesays.com\/africa\/13324\/","title":{"rendered":"EN DIRECT Mali &#8211; S\u00e9n\u00e9gal\u00a0: Match pi\u00e8ge pour les Lions de la Teranga aux portes de la demie\u2026 Suivez ce quart de finale de la CAN avec nous"},"content":{"rendered":"<p>Salut les CANix\u00a0! L\u2019heure des quarts de finale a enfin sonn\u00e9<\/p>\n<p>On s\u2019\u00e9tait quitt\u00e9s sur un gros 8e de finale entre RDC et Alg\u00e9rie qui n\u2019avait tenu que tr\u00e8s partiellement ses promesses, nous revoil\u00e0 avec deux quarts de finale en ce vendredi de football. Premi\u00e8re affiche, un match entre fr\u00e8res s\u00e9n\u00e9galais et maliens \u00e0 Tanger. Les Lions de la Teranga partent \u00e9videmment favoris mais le Mali a prouv\u00e9 sa valeur au tour pr\u00e9c\u00e9dent en envoyant la Tunisie dans le ravin. Et s\u2019il y a bien une comp\u00e9tition impr\u00e9visible, c\u2019est bien la CAN. Alors peut-\u00eatre\u00a0?<\/p>\n","protected":false},"excerpt":{"rendered":"Salut les CANix\u00a0! L\u2019heure des quarts de finale a enfin sonn\u00e9 On s\u2019\u00e9tait quitt\u00e9s sur un gros 8e&hellip;\n","protected":false},"author":2,"featured_media":13325,"comment_status":"","ping_status":"","sticky":false,"template":"","format":"standard","meta":{"footnotes":""},"categories":[48],"tags":[179,311,965,158,159,310],"class_list":{"0":"post-13324","1":"post","2":"type-post","3":"status-publish","4":"format-standard","5":"has-post-thumbnail","7":"category-senegal","8":"tag-can-2025","9":"tag-football","10":"tag-mali","11":"tag-maroc","12":"tag-senegal","13":"tag-sport"},"share_on_mastodon":{"url":"","error":""},"_links":{"self":[{"href":"https:\/\/www.europesays.com\/africa\/wp-json\/wp\/v2\/posts\/13324","targetHints":{"allow":["GET"]}}],"collection":[{"href":"https:\/\/www.europesays.com\/africa\/wp-json\/wp\/v2\/posts"}],"about":[{"href":"https:\/\/www.europesays.com\/africa\/wp-json\/wp\/v2\/types\/post"}],"author":[{"embeddable":true,"href":"https:\/\/www.europesays.com\/africa\/wp-json\/wp\/v2\/users\/2"}],"replies":[{"embeddable":true,"href":"https:\/\/www.europesays.com\/africa\/wp-json\/wp\/v2\/comments?post=13324"}],"version-history":[{"count":0,"href":"https:\/\/www.europesays.com\/africa\/wp-json\/wp\/v2\/posts\/13324\/revisions"}],"wp:featuredmedia":[{"embeddable":true,"href":"https:\/\/www.europesays.com\/africa\/wp-json\/wp\/v2\/media\/13325"}],"wp:attachment":[{"href":"https:\/\/www.europesays.com\/africa\/wp-json\/wp\/v2\/media?parent=13324"}],"wp:term":[{"taxonomy":"category","embeddable":true,"href":"https:\/\/www.europesays.com\/africa\/wp-json\/wp\/v2\/categories?post=13324"},{"taxonomy":"post_tag","embeddable":true,"href":"https:\/\/www.europesays.com\/africa\/wp-json\/wp\/v2\/tags?post=13324"}],"curies":[{"name":"wp","href":"https:\/\/api.w.org\/{rel}","templated":true}]}}