{"id":13396,"date":"2026-01-09T14:39:06","date_gmt":"2026-01-09T14:39:06","guid":{"rendered":"https:\/\/www.europesays.com\/africa\/13396\/"},"modified":"2026-01-09T14:39:06","modified_gmt":"2026-01-09T14:39:06","slug":"apres-luca-zidane-lalgerie-fait-la-cour-a-ethan-mbappe-2","status":"publish","type":"post","link":"https:\/\/www.europesays.com\/africa\/13396\/","title":{"rendered":"Apr\u00e8s Luca Zidane, l&#8217;Alg\u00e9rie fait la cour \u00e0 Ethan Mbapp\u00e9"},"content":{"rendered":"<p class=\"mb-4 text-lg md:leading-8 break-words\">Apr\u00e8s avoir eu un Zidane, l&#8217;Alg\u00e9rie voudrait d\u00e9sormais un Mbapp\u00e9. Selon le journal <a href=\"https:\/\/www.leparisien.fr\/sports\/football\/coupe-d-afrique-des-nations\/can-apres-le-fils-zidane-la-selection-algerienne-reve-dattirer-ethan-mbappe-09-01-2026-ULWRB7RNK5BQ5AJUY63ZJAVJMY.php\" rel=\"nofollow noopener\" target=\"_blank\" data-ylk=\"slk:Le Parisien;elm:context_link;itc:0;sec:content-canvas\" class=\"link \">Le Parisien<\/a>, les Fennecs ont r\u00e9cemment approch\u00e9 <a href=\"https:\/\/fr.news.yahoo.com\/sport\/real-madrid-c%C3%A9l%C3%A9bration-hommage-kylian-074919867.html\" data-ylk=\"slk:Ethan Mbapp\u00e9;elm:context_link;itc:0;sec:content-canvas;outcm:mb_qualified_link;_E:mb_qualified_link;ct:story;\" class=\"link  yahoo-link\" rel=\"nofollow noopener\" target=\"_blank\">Ethan Mbapp\u00e9<\/a> (19 ans), le fr\u00e8re cadet de Kylian, afin qu&#8217;il repr\u00e9sente la s\u00e9lection nationale. Le milieu de terrain du LOSC poss\u00e8de des origines alg\u00e9riennes par sa m\u00e8re Fayza Lamari. Pour rappel, son p\u00e8re Wilfrid Mbapp\u00e9, est n\u00e9 \u00e0 Douala, au Cameroun.<\/p>\n<p class=\"mb-4 text-lg md:leading-8 break-words\">S&#8217;il n&#8217;a pas encore port\u00e9 le maillot de l&#8217;<a href=\"https:\/\/fr.news.yahoo.com\/sport\/equipe-france-diallo-pr%C3%A9f%C3%A8re-nommer-124032491.html\" data-ylk=\"slk:\u00e9quipe de France;elm:context_link;itc:0;sec:content-canvas;outcm:mb_qualified_link;_E:mb_qualified_link;ct:story;\" class=\"link  yahoo-link\" rel=\"nofollow noopener\" target=\"_blank\">\u00e9quipe de France <\/a>chez les jeunes, Ethan Mbapp\u00e9 r\u00eaverait logiquement de jouer avec son fr\u00e8re Kylian chez les Bleus. Le jeune milieu a, en revanche d\u00e9j\u00e0 connu des convocations, sans jamais jouer avec les Bleuets ensuite. Form\u00e9 au PSG, Ethan Mbapp\u00e9 y a \u00e9galement d\u00e9j\u00e0 \u00e9volu\u00e9 avec son fr\u00e8re.<\/p>\n<p>Mbapp\u00e9 proche de joueurs de l&#8217;Alg\u00e9rie<\/p>\n<p class=\"mb-4 text-lg md:leading-8 break-words\">Si Kylian Mbapp\u00e9 avait rejoint le <a href=\"https:\/\/rmcsport.bfmtv.com\/football\/liga\/real-madrid_DN-202304140701.html\" rel=\"nofollow noopener\" target=\"_blank\" data-ylk=\"slk:Real Madrid;elm:context_link;itc:0;sec:content-canvas\" class=\"link \">Real Madrid<\/a> \u00e0 l&#8217;\u00e9t\u00e9 2024, Ethan Mbapp\u00e9 s&#8217;\u00e9tait lui engag\u00e9 lors du m\u00eame mercato avec le LOSC. En ce d\u00e9but de saison, le milieu de terrain a particip\u00e9 \u00e0 12 rencontres toutes comp\u00e9titions confondues avec les Dogues, pour trois buts et une passe d\u00e9cisive. Le 5 d\u00e9cembre dernier, il avait marqu\u00e9 le seul but de son \u00e9quipe face \u00e0 <a href=\"https:\/\/fr.news.yahoo.com\/sport\/om-pourquoi-%C3%A9ventuelle-vente-robinio-122011065.html\" data-ylk=\"slk:Marseille;elm:context_link;itc:0;sec:content-canvas;outcm:mb_qualified_link;_E:mb_qualified_link;ct:story;\" class=\"link  yahoo-link\" rel=\"nofollow noopener\" target=\"_blank\">Marseille<\/a> en Ligue 1.<\/p>\n<p class=\"mb-4 text-lg md:leading-8 break-words\">Avant la CAN, l&#8217;Alg\u00e9rie avait r\u00e9ussi \u00e0 convaincre <a href=\"https:\/\/fr.news.yahoo.com\/sport\/dirait-qu-l%C3%A0-depuis-longtemps-200216171.html\" data-ylk=\"slk:Luca Zidane;elm:context_link;itc:0;sec:content-canvas;outcm:mb_qualified_link;_E:mb_qualified_link;ct:story;\" class=\"link  yahoo-link\" rel=\"nofollow noopener\" target=\"_blank\">Luca Zidane<\/a>. Le fils de Zin\u00e9dine Zidane, qui \u00e9volue \u00e0 Grenade, garde d\u00e9sormais les cages des Fennecs. Proche d&#8217;A\u00efssa Mandi, son co\u00e9quipier \u00e0 Lille, Ethan Mbapp\u00e9 reste d&#8217;ailleurs attentif aux r\u00e9sultats des Fennecs lors de cette CAN. Ils joueront un quart de finale face au Nigeria ce samedi (17h).<\/p>\n<p class=\"mb-4 text-lg md:leading-8 break-words\">En compagnie de leur p\u00e8re et de son fr\u00e8re, Ethan Mbapp\u00e9 s&#8217;est rendu au Maroc pour assister \u00e0 un match de la Coupe d&#8217;Afrique des nations le 28 d\u00e9cembre dernier, entre le Cameroun et la C\u00f4te d&#8217;Ivoire. La prochaine CAN est pour rappel pr\u00e9vue \u00e0 l&#8217;\u00e9t\u00e9 2027. D&#8217;ici ce prochain rendez-vous, l&#8217;Alg\u00e9rie aura particip\u00e9 \u00e0 la Coupe du monde 2026.<\/p>\n<p class=\"mb-4 text-lg md:leading-8 break-words\"><a href=\"https:\/\/rmcsport.bfmtv.com\/football\/equipe-algerie\/apres-luca-zidane-l-algerie-fait-la-cour-a-ethan-mbappe_AV-202601090625.html#xtor=AL-68\" rel=\"nofollow noopener\" target=\"_blank\" data-ylk=\"slk:Article original publi\u00e9 sur RMC Sport;elm:context_link;itc:0;sec:content-canvas\" class=\"link \">Article original publi\u00e9 sur RMC Sport<\/a><\/p>\n","protected":false},"excerpt":{"rendered":"Apr\u00e8s avoir eu un Zidane, l&#8217;Alg\u00e9rie voudrait d\u00e9sormais un Mbapp\u00e9. Selon le journal Le Parisien, les Fennecs ont&hellip;\n","protected":false},"author":2,"featured_media":13397,"comment_status":"","ping_status":"","sticky":false,"template":"","format":"standard","meta":{"footnotes":""},"categories":[254],"tags":[255,718,658,9163,9167,9166,4157,9165,122,768,9164,4160],"class_list":{"0":"post-13396","1":"post","2":"type-post","3":"status-publish","4":"format-standard","5":"has-post-thumbnail","7":"category-algerie","8":"tag-algerie","9":"tag-fennecs","10":"tag-france","11":"tag-kylian","12":"tag-lille","13":"tag-losc","14":"tag-luca-zidane","15":"tag-mbappe","16":"tag-nigeria","17":"tag-psg","18":"tag-son-frere","19":"tag-zidane"},"share_on_mastodon":{"url":"","error":""},"_links":{"self":[{"href":"https:\/\/www.europesays.com\/africa\/wp-json\/wp\/v2\/posts\/13396","targetHints":{"allow":["GET"]}}],"collection":[{"href":"https:\/\/www.europesays.com\/africa\/wp-json\/wp\/v2\/posts"}],"about":[{"href":"https:\/\/www.europesays.com\/africa\/wp-json\/wp\/v2\/types\/post"}],"author":[{"embeddable":true,"href":"https:\/\/www.europesays.com\/africa\/wp-json\/wp\/v2\/users\/2"}],"replies":[{"embeddable":true,"href":"https:\/\/www.europesays.com\/africa\/wp-json\/wp\/v2\/comments?post=13396"}],"version-history":[{"count":0,"href":"https:\/\/www.europesays.com\/africa\/wp-json\/wp\/v2\/posts\/13396\/revisions"}],"wp:featuredmedia":[{"embeddable":true,"href":"https:\/\/www.europesays.com\/africa\/wp-json\/wp\/v2\/media\/13397"}],"wp:attachment":[{"href":"https:\/\/www.europesays.com\/africa\/wp-json\/wp\/v2\/media?parent=13396"}],"wp:term":[{"taxonomy":"category","embeddable":true,"href":"https:\/\/www.europesays.com\/africa\/wp-json\/wp\/v2\/categories?post=13396"},{"taxonomy":"post_tag","embeddable":true,"href":"https:\/\/www.europesays.com\/africa\/wp-json\/wp\/v2\/tags?post=13396"}],"curies":[{"name":"wp","href":"https:\/\/api.w.org\/{rel}","templated":true}]}}