{"id":13462,"date":"2026-01-09T15:19:07","date_gmt":"2026-01-09T15:19:07","guid":{"rendered":"https:\/\/www.europesays.com\/africa\/13462\/"},"modified":"2026-01-09T15:19:07","modified_gmt":"2026-01-09T15:19:07","slug":"afrique-du-sud-nomination-de-larcheveque-metropolitain-du-cap","status":"publish","type":"post","link":"https:\/\/www.europesays.com\/africa\/13462\/","title":{"rendered":"Afrique du Sud: nomination de l&#8217;archev\u00eaque m\u00e9tropolitain du Cap"},"content":{"rendered":"<p>Le Saint-P\u00e8re a nomm\u00e9 archev\u00eaque m\u00e9tropolitain du Cap, en Afrique du Sud, Mgr Sithembele Anton Sipuka, jusqu&#8217;\u00e0 pr\u00e9sent \u00e9v\u00eaque du dioc\u00e8se de Mthatha. \u00c0 la t\u00eate de l&#8217;un des archidioc\u00e8ses les plus importants d&#8217;Afrique australe, le pr\u00e9lat apporte avec lui une riche exp\u00e9rience pastorale, une sensibilit\u00e9 \u0153cum\u00e9nique et une ouverture internationale.<\/p>\n<p>Vatican News<\/p>\n<p>\u00c9v\u00eaque du dioc\u00e8se de Mthatha, dans la province du Cap-Oriental, avant sa nomination ce vendredi 9 janvier, Mgr Sipuka succ\u00e8de au Cap au cardinal Stephen Brislin, qui \u00e9tait administrateur apostolique de l&#8217;archidioc\u00e8se depuis octobre 2024, apr\u00e8s avoir \u00e9t\u00e9 nomm\u00e9 archev\u00eaque de Johannesburg.<\/p>\n<p>N\u00e9 le 27 avril 1960, Mgr Sipuka a \u00e9t\u00e9 ordonn\u00e9 pr\u00eatre du dioc\u00e8se de Queenstown le 17 d\u00e9cembre 1988. Il a \u00e9t\u00e9 nomm\u00e9 \u00e9v\u00eaque de Mthatha le 8 f\u00e9vrier 2008 et ordonn\u00e9 \u00e9v\u00eaque le 3 mai 2008. Avant son minist\u00e8re \u00e9piscopal, Mgr Sipuka a \u00e9t\u00e9 recteur du s\u00e9minaire national St John Vianney, o\u00f9 il a jou\u00e9 un r\u00f4le formateur dans la formation des futurs pr\u00eatres et dans le d\u00e9veloppement du leadership pastoral au sein de l&#8217;\u00c9glise. Au fil des ans, le pr\u00e9lat est devenu l&#8217;un des leaders religieux les plus \u00e9minents et les plus respect\u00e9s d&#8217;Afrique australe, connu pour son engagement en faveur de la justice, de la paix, du dialogue et du leadership \u00e9thique. Son exp\u00e9rience d\u00e9passe largement les fronti\u00e8res dioc\u00e9saines.<\/p>\n<p>Service \u00e0 la Conf\u00e9rence des \u00e9v\u00eaques catholiques d&#8217;Afrique australe <\/p>\n<p>De f\u00e9vrier 2019 \u00e0 janvier 2024, Mgr Sipuka a occup\u00e9 la fonction de pr\u00e9sident de la Conf\u00e9rence des \u00e9v\u00eaques catholiques d&#8217;Afrique australe (SACBC). Son mandat a \u00e9t\u00e9 marqu\u00e9 par un accent particulier mis sur la synodalit\u00e9, le dialogue et le r\u00f4le proph\u00e9tique de l&#8217;\u00c9glise dans la soci\u00e9t\u00e9. Il a constamment encourag\u00e9 l&#8217;\u00c9glise \u00e0 avancer ensemble dans le discernement, le respect mutuel et la mission commune, en particulier dans des contextes culturels et religieux diversifi\u00e9s.<\/p>\n<p>Service du Symposium des Conf\u00e9rences des Ev\u00eaques d\u2019Afrique et de Madagascar <\/p>\n<p>Mgr Sipuka a aussi servi le Symposium des conf\u00e9rences \u00e9piscopales d&#8217;Afrique et de Madagascar (SECAM) pendant plus d&#8217;une d\u00e9cennie, d&#8217;abord en tant que deuxi\u00e8me vice-pr\u00e9sident pendant six ans, puis en tant que premier vice-pr\u00e9sident de 2019 \u00e0 2022. Pendant cette p\u00e9riode, il a pr\u00e9sid\u00e9 la Commission Justice et Paix et est devenu une voix de premier plan sur les questions de bonne gouvernance, de migration, de ch\u00f4mage, de conflit et d&#8217;in\u00e9galit\u00e9 sociale \u00e0 travers le continent africain.<\/p>\n<p>Service au pays <\/p>\n<p>Mgr Sipuka est \u00e9galement pr\u00e9sident du Conseil sud-africain des \u00c9glises, le premier \u00e9v\u00eaque catholique \u00e0 diriger cet organisme \u0153cum\u00e9nique en Afrique australe. Sous sa direction, le SACC a continu\u00e9 \u00e0 s&#8217;attaquer aux d\u00e9fis urgents auxquels la soci\u00e9t\u00e9 est confront\u00e9e, notamment les in\u00e9galit\u00e9s, la corruption, la x\u00e9nophobie et les divisions sociales.<\/p>\n<p>En juillet 2025, le pr\u00e9sident Cyril Ramaphosa a nomm\u00e9 Mgr Sipuka membre du Groupe des personnalit\u00e9s \u00e9minentes pour le dialogue national en Afrique du Sud, un organisme charg\u00e9 de guider la r\u00e9flexion et le dialogue nationaux inclusifs sur les d\u00e9fis sociaux, politiques et \u00e9conomiques du pays. Cette nomination a confirm\u00e9 sa position en tant que voix de confiance pour la r\u00e9conciliation, la coh\u00e9sion sociale et le leadership \u00e9thique dans la vie publique.<\/p>\n<p>Lutter contre les in\u00e9galit\u00e9s et les divisions sociales <\/p>\n<p>Mgr Sipuka s&#8217;est toujours exprim\u00e9 en faveur de la paix dans les r\u00e9gions touch\u00e9es par les conflits et l&#8217;instabilit\u00e9. Il a dirig\u00e9 et particip\u00e9 \u00e0 des visites de solidarit\u00e9 au Mozambique \u00e0 la suite des troubles post-\u00e9lectoraux d&#8217;octobre 2024, en collaboration avec la Conf\u00e9rence \u00e9piscopale du Mozambique, le Conseil chr\u00e9tien du Mozambique et des repr\u00e9sentants du gouvernement. Il s&#8217;est \u00e9galement exprim\u00e9 sur les crises dans la province de Cabo Delgado, toujours au Mozambique, ou en Eswatini.<\/p>\n<p>En tant qu&#8217;archev\u00eaque du Cap, Mgr Sipuka apporte avec lui une riche exp\u00e9rience pastorale, une sensibilit\u00e9 \u0153cum\u00e9nique et une ouverture internationale. Sa nomination marque la continuit\u00e9 de l&#8217;engagement de l&#8217;\u00c9glise en faveur de la synodalit\u00e9, du dialogue et du service aux marginalis\u00e9s, alors qu&#8217;il prend la t\u00eate de l&#8217;un des archidioc\u00e8ses les plus importants d&#8217;Afrique australe.<\/p>\n","protected":false},"excerpt":{"rendered":"Le Saint-P\u00e8re a nomm\u00e9 archev\u00eaque m\u00e9tropolitain du Cap, en Afrique du Sud, Mgr Sithembele Anton Sipuka, jusqu&#8217;\u00e0 pr\u00e9sent&hellip;\n","protected":false},"author":2,"featured_media":13463,"comment_status":"","ping_status":"","sticky":false,"template":"","format":"standard","meta":{"footnotes":""},"categories":[62],"tags":[64,356,9209,1622,9210,7898,1625],"class_list":{"0":"post-13462","1":"post","2":"type-post","3":"status-publish","4":"format-standard","5":"has-post-thumbnail","7":"category-afrique","8":"tag-afrique","9":"tag-afrique-du-sud","10":"tag-diocese","11":"tag-eglise-catholique","12":"tag-eveques","13":"tag-nominations","14":"tag-pape-leon-xiv"},"share_on_mastodon":{"url":"","error":""},"_links":{"self":[{"href":"https:\/\/www.europesays.com\/africa\/wp-json\/wp\/v2\/posts\/13462","targetHints":{"allow":["GET"]}}],"collection":[{"href":"https:\/\/www.europesays.com\/africa\/wp-json\/wp\/v2\/posts"}],"about":[{"href":"https:\/\/www.europesays.com\/africa\/wp-json\/wp\/v2\/types\/post"}],"author":[{"embeddable":true,"href":"https:\/\/www.europesays.com\/africa\/wp-json\/wp\/v2\/users\/2"}],"replies":[{"embeddable":true,"href":"https:\/\/www.europesays.com\/africa\/wp-json\/wp\/v2\/comments?post=13462"}],"version-history":[{"count":0,"href":"https:\/\/www.europesays.com\/africa\/wp-json\/wp\/v2\/posts\/13462\/revisions"}],"wp:featuredmedia":[{"embeddable":true,"href":"https:\/\/www.europesays.com\/africa\/wp-json\/wp\/v2\/media\/13463"}],"wp:attachment":[{"href":"https:\/\/www.europesays.com\/africa\/wp-json\/wp\/v2\/media?parent=13462"}],"wp:term":[{"taxonomy":"category","embeddable":true,"href":"https:\/\/www.europesays.com\/africa\/wp-json\/wp\/v2\/categories?post=13462"},{"taxonomy":"post_tag","embeddable":true,"href":"https:\/\/www.europesays.com\/africa\/wp-json\/wp\/v2\/tags?post=13462"}],"curies":[{"name":"wp","href":"https:\/\/api.w.org\/{rel}","templated":true}]}}