{"id":13470,"date":"2026-01-09T15:23:07","date_gmt":"2026-01-09T15:23:07","guid":{"rendered":"https:\/\/www.europesays.com\/africa\/13470\/"},"modified":"2026-01-09T15:23:07","modified_gmt":"2026-01-09T15:23:07","slug":"le-maroc-moque-par-la-legende-du-cameroun-rigobert-song","status":"publish","type":"post","link":"https:\/\/www.europesays.com\/africa\/13470\/","title":{"rendered":"Le Maroc moqu\u00e9 par la l\u00e9gende du Cameroun Rigobert Song"},"content":{"rendered":"<p style=\"text-align: justify;\">A quelques heures du 1\/4 de finale de la CAN 2025 entre le Maroc et le Cameroun (ce soir \u00e0 20h00), l\u2019adversit\u00e9 bat son plein. L\u2019affaire des la d\u00e9signation des arbitres est venue pimenter \u2013 encore plus \u2013 les d\u00e9bats attendus entre les Lions Indomptables et ceux de l\u2019Atlas. Cependant, aux yeux de Rigobert Song, recordman d\u2019apparitions (36) toutes CAN r\u00e9unies, les vrais Lions sont ceux de son pays.<\/p>\n<p style=\"text-align: justify;\">Avec son lyrisme habituel, Song vient ajouter un grain de folie avant l\u2019explication de ce soir \u00e0 Rabat. L\u2019embl\u00e9matique d\u00e9fenseur n\u2019est pas all\u00e9 par quatre chemins dans son intervention sur France 24 pour planter le d\u00e9cor de cette empoignade. \u00ab Il n\u2019y a pas deux lions dans la for\u00eat. Le vrai lion, c\u2019est l\u2019Indomptable. Les autres ne sont que des sobriquets. (\u2026) On n\u2019\u00e9tait pas compt\u00e9s parmi les cinq favoris, aujourd\u2019hui on parle de nous parmi les trois. (\u2026) Un lion, m\u00eame couch\u00e9 dans la for\u00eat, fait peur. Faites tr\u00e8s attention aux Lions Indomptables \u00bb,\u00a0a-t-il l\u00e2ch\u00e9.<\/p>\n<p>L\u2019histoire donne raison \u00e0 Song<\/p>\n<p style=\"text-align: justify;\">En pleine crise avant le d\u00e9but de la CAN 2025, les Camerounais, qui ont rat\u00e9 la qualification en Coupe du Monde 2026, se retrouvent \u00e0 jouer pour une place dans le dernier carr\u00e9 face au pays h\u00f4te. Les \u201cman\u0153uvres maison\u201d ont pr\u00e9c\u00e9d\u00e9 les d\u00e9bats sur le rectangle vert avec les contestations autour du choix de l\u2019arbitre. En effet, la CAF a longtemps temporis\u00e9 avant de d\u00e9signer un referee au bout de la veille m\u00eame du match.<\/p>\n<p style=\"text-align: justify;\">Finalement, c\u2019est le Mauritanien Dahane Beida qui sera au sifflet de cette partie explosive. Tout le monde croit en ses chances de passer. Historiquement, le Cameroun a plus de traditions dans la messe continentale avec 5 titres et 7 finales disput\u00e9es. Mais bon, tout se jouera sur la pelouse du stade Prince Moulay Abdellah\u2026 ou presque.<\/p>\n<p>\u00a0<\/p>\n","protected":false},"excerpt":{"rendered":"A quelques heures du 1\/4 de finale de la CAN 2025 entre le Maroc et le Cameroun (ce&hellip;\n","protected":false},"author":2,"featured_media":13471,"comment_status":"","ping_status":"","sticky":false,"template":"","format":"standard","meta":{"footnotes":""},"categories":[41],"tags":[381,9215,9141,158,9216],"class_list":{"0":"post-13470","1":"post","2":"type-post","3":"status-publish","4":"format-standard","5":"has-post-thumbnail","7":"category-maroc","8":"tag-cameroun","9":"tag-can-maroc","10":"tag-lions-indomptables","11":"tag-maroc","12":"tag-rigobert-song"},"share_on_mastodon":{"url":"","error":""},"_links":{"self":[{"href":"https:\/\/www.europesays.com\/africa\/wp-json\/wp\/v2\/posts\/13470","targetHints":{"allow":["GET"]}}],"collection":[{"href":"https:\/\/www.europesays.com\/africa\/wp-json\/wp\/v2\/posts"}],"about":[{"href":"https:\/\/www.europesays.com\/africa\/wp-json\/wp\/v2\/types\/post"}],"author":[{"embeddable":true,"href":"https:\/\/www.europesays.com\/africa\/wp-json\/wp\/v2\/users\/2"}],"replies":[{"embeddable":true,"href":"https:\/\/www.europesays.com\/africa\/wp-json\/wp\/v2\/comments?post=13470"}],"version-history":[{"count":0,"href":"https:\/\/www.europesays.com\/africa\/wp-json\/wp\/v2\/posts\/13470\/revisions"}],"wp:featuredmedia":[{"embeddable":true,"href":"https:\/\/www.europesays.com\/africa\/wp-json\/wp\/v2\/media\/13471"}],"wp:attachment":[{"href":"https:\/\/www.europesays.com\/africa\/wp-json\/wp\/v2\/media?parent=13470"}],"wp:term":[{"taxonomy":"category","embeddable":true,"href":"https:\/\/www.europesays.com\/africa\/wp-json\/wp\/v2\/categories?post=13470"},{"taxonomy":"post_tag","embeddable":true,"href":"https:\/\/www.europesays.com\/africa\/wp-json\/wp\/v2\/tags?post=13470"}],"curies":[{"name":"wp","href":"https:\/\/api.w.org\/{rel}","templated":true}]}}