{"id":13595,"date":"2026-01-09T16:35:08","date_gmt":"2026-01-09T16:35:08","guid":{"rendered":"https:\/\/www.europesays.com\/africa\/13595\/"},"modified":"2026-01-09T16:35:08","modified_gmt":"2026-01-09T16:35:08","slug":"appel-au-renforcement-de-la-prevention-des-risques-lies-aux-immeubles-menacant-ruine","status":"publish","type":"post","link":"https:\/\/www.europesays.com\/africa\/13595\/","title":{"rendered":"Appel au renforcement de la pr\u00e9vention des risques li\u00e9s aux immeubles mena\u00e7ant ruine"},"content":{"rendered":"<p>Dans les recommandations issues de cette rencontre, organis\u00e9e par la pr\u00e9fecture d&#8217;arrondissements d\u2019A\u00efn Seba\u00e2-Hay Mohammadi autour du th\u00e8me &#8220;l\u2019approche judiciaire et administrative de la probl\u00e9matique des immeubles mena\u00e7ant ruine&#8221;, les intervenants ont insist\u00e9 sur la n\u00e9cessit\u00e9 de revoir et de pr\u00e9ciser les d\u00e9finitions li\u00e9es aux degr\u00e9s de dangerosit\u00e9 des constructions, et d\u2019adopter une classification technique rigoureuse permettant de limiter les divergences d\u2019interpr\u00e9tation lors de l\u2019application des textes. <\/p>\n<p>Ils ont \u00e9galement pr\u00e9conis\u00e9 la r\u00e9vision de l\u2019\u00e9chelle des sanctions afin de les rendre plus proportionn\u00e9es \u00e0 la gravit\u00e9 des actes et \u00e0 leur dangerosit\u00e9 pour la s\u00e9curit\u00e9 publique. <\/p>\n<p>Les recommandations ont, en outre, soulign\u00e9 la n\u00e9cessit\u00e9 de simplifier et d\u2019acc\u00e9l\u00e9rer les proc\u00e9dures administratives et judiciaires, en particulier dans les situations d\u2019urgence li\u00e9es aux immeubles pr\u00e9sentant un danger imminent, tout en pr\u00e9voyant explicitement la responsabilit\u00e9 des syndicats de copropri\u00e9taires dans le cadre de la propri\u00e9t\u00e9 commune. <\/p>\n<p>Il a \u00e9galement \u00e9t\u00e9 question de d\u00e9finir les modalit\u00e9s de retour des locataires dans les immeubles apr\u00e8s l\u2019ach\u00e8vement des travaux de restauration, de r\u00e9paration ou de d\u00e9molition, ainsi que de pr\u00e9ciser l\u2019autorit\u00e9 administrative comp\u00e9tente pour intervenir concernant les immeubles appartenant \u00e0 l\u2019\u00c9tat, aux collectivit\u00e9s territoriales ou aux \u00e9tablissements publics. <\/p>\n<p>Les enseignements de la rencontre, qui visait \u00e0 anticiper des solutions durables \u00e0 m\u00eame de garantir la s\u00e9curit\u00e9 des citoyens tout en pr\u00e9servant la m\u00e9moire architecturale et urbaine de Casablanca, ont \u00e9galement insist\u00e9 sur l\u2019importance de consacrer la valeur des d\u00e9cisions de classement et de mise en demeure en tant que pr\u00e9somptions l\u00e9gales de connaissance du danger, de renforcer le recours \u00e0 l\u2019action r\u00e9pressive en amont de la survenance des catastrophes, ainsi que d\u2019\u0153uvrer \u00e0 l\u2019unification de la jurisprudence \u00e0 l&#8217;\u00e9chelle des juridictions du Royaume, afin d\u2019assurer la s\u00e9curit\u00e9 juridique. <\/p>\n<p>Sur les plans technique, administratif et financier, les recommandations ont appel\u00e9 \u00e0 l\u2019unification des mod\u00e8les de d\u00e9cisions administratives \u00e9manant des pr\u00e9sidents des collectivit\u00e9s territoriales, au renforcement du r\u00f4le de l\u2019expertise technique ind\u00e9pendante et pluridisciplinaire, \u00e0 l\u2019harmonisation des crit\u00e8res des rapports techniques adopt\u00e9s, ainsi qu\u2019au renforcement des capacit\u00e9s des collectivit\u00e9s en ressources humaines qualifi\u00e9es et en moyens logistiques et financiers n\u00e9cessaires. <\/p>\n<p>Les recommandations ont \u00e9galement soulign\u00e9 la mise en place de m\u00e9canismes de financement durables pour accompagner les op\u00e9rations de restauration, de d\u00e9molition et de relogement, notamment au profit des familles d\u00e9munies, ainsi que sur le renforcement de la coordination entre les diff\u00e9rents intervenants \u00e0 travers la cr\u00e9ation de commissions r\u00e9gionales ou provinciales permanentes, capables d\u2019intervenir de mani\u00e8re urgente d\u00e8s la d\u00e9tection de situations \u00e0 risque, afin d\u2019assurer la c\u00e9l\u00e9rit\u00e9 et l\u2019efficacit\u00e9 de la prise de d\u00e9cision. <\/p>\n<p>Par ailleurs, les intervenants ont appel\u00e9 \u00e0 privil\u00e9gier des alternatives \u00e0 la d\u00e9molition, en particulier pour les immeubles \u00e0 valeur historique ou sociale, en encourageant les op\u00e9rations de restauration et de consolidation technique, avec la mobilisation des ressources financi\u00e8res n\u00e9cessaires, tout en mettant en place des m\u00e9canismes nationaux de suivi et d\u2019\u00e9valuation continue de l\u2019application de la loi, et en proposant des ajustements p\u00e9riodiques r\u00e9pondant aux \u00e9volutions et aux exigences de la r\u00e9alit\u00e9. <\/p>\n<p>Les recommandations de cette rencontre, qui a r\u00e9uni des responsables judiciaires et administratifs, des experts, ainsi que des repr\u00e9sentants de d\u00e9partements gouvernementaux et d\u2019\u00e9tablissements publics, s\u2019inscrivent dans le cadre des efforts visant \u00e0 instaurer un dispositif juridique et proc\u00e9dural plus efficient pour le traitement de la probl\u00e9matique des immeubles mena\u00e7ant ruine, de nature \u00e0 renforcer la s\u00e9curit\u00e9 urbaine, \u00e0 consacrer le droit \u00e0 un logement d\u00e9cent et \u00e0 pr\u00e9server la s\u00e9curit\u00e9 des citoyens. <\/p>\n<p>La journ\u00e9e d\u2019\u00e9tude a constitu\u00e9 une occasion de diagnostiquer les d\u00e9fis li\u00e9s \u00e0 la mise en \u0153uvre des dispositions de la loi n\u00b0 94.12 relative aux immeubles mena\u00e7ant ruine et \u00e0 l\u2019organisation des op\u00e9rations de r\u00e9novation urbaine, au regard des contraintes concr\u00e8tes rencontr\u00e9es par les diff\u00e9rents intervenants sur le terrain, ainsi qu\u2019un espace de r\u00e9flexion collective, d\u2019\u00e9change d\u2019exp\u00e9riences et de partage d\u2019expertises.<\/p>\n","protected":false},"excerpt":{"rendered":"Dans les recommandations issues de cette rencontre, organis\u00e9e par la pr\u00e9fecture d&#8217;arrondissements d\u2019A\u00efn Seba\u00e2-Hay Mohammadi autour du th\u00e8me&hellip;\n","protected":false},"author":2,"featured_media":13596,"comment_status":"","ping_status":"","sticky":false,"template":"","format":"standard","meta":{"footnotes":""},"categories":[41],"tags":[554,553,555,556,563,565,560,567,561,557,162,566,564,558,559,158,562,248,239,310,568],"class_list":{"0":"post-13595","1":"post","2":"type-post","3":"status-publish","4":"format-standard","5":"has-post-thumbnail","7":"category-maroc","8":"tag-actualites","9":"tag-actualites-et-infos-au-maroc","10":"tag-actualites-et-infos-mondiale","11":"tag-actualites-marocaines-du-jour","12":"tag-alimentation","13":"tag-analyses","14":"tag-art-de-vivre","15":"tag-chronique","16":"tag-consommation-et-bien-etre","17":"tag-culture","18":"tag-economie","19":"tag-edito","20":"tag-etudes","21":"tag-insolite","22":"tag-loisirs","23":"tag-maroc","24":"tag-mode","25":"tag-politique","26":"tag-societe","27":"tag-sport","28":"tag-tribune"},"share_on_mastodon":{"url":"","error":""},"_links":{"self":[{"href":"https:\/\/www.europesays.com\/africa\/wp-json\/wp\/v2\/posts\/13595","targetHints":{"allow":["GET"]}}],"collection":[{"href":"https:\/\/www.europesays.com\/africa\/wp-json\/wp\/v2\/posts"}],"about":[{"href":"https:\/\/www.europesays.com\/africa\/wp-json\/wp\/v2\/types\/post"}],"author":[{"embeddable":true,"href":"https:\/\/www.europesays.com\/africa\/wp-json\/wp\/v2\/users\/2"}],"replies":[{"embeddable":true,"href":"https:\/\/www.europesays.com\/africa\/wp-json\/wp\/v2\/comments?post=13595"}],"version-history":[{"count":0,"href":"https:\/\/www.europesays.com\/africa\/wp-json\/wp\/v2\/posts\/13595\/revisions"}],"wp:featuredmedia":[{"embeddable":true,"href":"https:\/\/www.europesays.com\/africa\/wp-json\/wp\/v2\/media\/13596"}],"wp:attachment":[{"href":"https:\/\/www.europesays.com\/africa\/wp-json\/wp\/v2\/media?parent=13595"}],"wp:term":[{"taxonomy":"category","embeddable":true,"href":"https:\/\/www.europesays.com\/africa\/wp-json\/wp\/v2\/categories?post=13595"},{"taxonomy":"post_tag","embeddable":true,"href":"https:\/\/www.europesays.com\/africa\/wp-json\/wp\/v2\/tags?post=13595"}],"curies":[{"name":"wp","href":"https:\/\/api.w.org\/{rel}","templated":true}]}}