{"id":13640,"date":"2026-01-09T17:01:07","date_gmt":"2026-01-09T17:01:07","guid":{"rendered":"https:\/\/www.europesays.com\/africa\/13640\/"},"modified":"2026-01-09T17:01:07","modified_gmt":"2026-01-09T17:01:07","slug":"algerie-nigeria-qui-est-issa-sy-larbitre-du-quart-de-finale-de-la-can-2025","status":"publish","type":"post","link":"https:\/\/www.europesays.com\/africa\/13640\/","title":{"rendered":"Alg\u00e9rie-Nigeria : qui est Issa Sy, l\u2019arbitre du quart de finale de la CAN 2025 ?"},"content":{"rendered":"<p class=\"paragraph text_align_left lp-f-body-02\">Un match \u00e0 tr\u00e8s haut enjeux. L\u2019arbitre s\u00e9n\u00e9galais Issa Sy a \u00e9t\u00e9 choisi par la Conf\u00e9d\u00e9ration africaine de football (CAF) pour \u00eatre au sifflet du <a href=\"https:\/\/www.leparisien.fr\/sports\/football\/coupe-d-afrique-des-nations\/calendrier-resultats\/\" target=\"_blank\" rel=\"noreferrer nofollow noopener\">quart de finale<\/a> de la <a href=\"https:\/\/www.leparisien.fr\/sports\/football\/coupe-d-afrique-des-nations\/\" target=\"_blank\" rel=\"noreferrer nofollow noopener\">CAN 2025<\/a> entre <a href=\"https:\/\/www.leparisien.fr\/sports\/football\/algerie\/\" target=\"_blank\" rel=\"noreferrer nofollow noopener\">l\u2019Alg\u00e9rie<\/a> et le Nigeria, <a href=\"https:\/\/www.leparisien.fr\/sports\/football\/coupe-d-afrique-des-nations\/algerie-nigeria-cette-can-sera-ma-derniere-annonce-riyad-mahrez-a-la-veille-du-quart-de-finale-des-fennecs-09-01-2026-TH6QC22QOFARVAILTTSIOAETNI.php\" target=\"_blank\" rel=\"noreferrer nofollow noopener\">ce samedi (17 heures)<\/a>. <\/p>\n<p class=\"\">Arbitre international, qui avait notamment arbitr\u00e9 une rencontre de la Coupe du monde des clubs, Issa Sy a d\u00e9j\u00e0 arbitr\u00e9 deux rencontres dans cette Coupe d\u2019Afrique des Nations au Maroc. Deux matchs de poule : \u00c9gypte-Zimbabwe (2-1) le 22 d\u00e9cembre et Zambie-Maroc (0-3) le 29 d\u00e9cembre.<\/p>\n<p class=\"\">Ce n\u2019est pas la premi\u00e8re fois qu\u2019il arbitrera ni l\u2019Alg\u00e9rie, ni le Nigeria \u00e0 la CAN. En 2024, il avait \u00e9t\u00e9 au sifflet une fois pour chacune des deux \u00e9quipes : en poules pour Alg\u00e9rie-Angola (1-1) et en quarts, d\u00e9j\u00e0, pour le Nig\u00e9ria face \u00e0 l\u2019Angola. Cela avait r\u00e9ussi aux Super Eagles, qui s\u2019\u00e9taient qualifi\u00e9s.<\/p>\n<p class=\"\">Issa Sy sera asssit\u00e9 par ses compatriotes Djibril Camara et Noha Bangoura, et par le K\u00e9nyan Gilbert Kipkoech Cheruiyot. Peter Waweru Kamaku (Kenya) sera 4e arbitre. Le Gabonais Pierre Ghislain Atcho, le Kenyan Stephen Onyango Yuembe et l\u2019Eswatinienne Letticia Antonella Viana officieront \u00e0 la vid\u00e9o.<\/p>\n","protected":false},"excerpt":{"rendered":"Un match \u00e0 tr\u00e8s haut enjeux. L\u2019arbitre s\u00e9n\u00e9galais Issa Sy a \u00e9t\u00e9 choisi par la Conf\u00e9d\u00e9ration africaine de&hellip;\n","protected":false},"author":2,"featured_media":13641,"comment_status":"","ping_status":"","sticky":false,"template":"","format":"standard","meta":{"footnotes":""},"categories":[254],"tags":[255,360,311,264],"class_list":{"0":"post-13640","1":"post","2":"type-post","3":"status-publish","4":"format-standard","5":"has-post-thumbnail","7":"category-algerie","8":"tag-algerie","9":"tag-can","10":"tag-football","11":"tag-sports"},"share_on_mastodon":{"url":"","error":""},"_links":{"self":[{"href":"https:\/\/www.europesays.com\/africa\/wp-json\/wp\/v2\/posts\/13640","targetHints":{"allow":["GET"]}}],"collection":[{"href":"https:\/\/www.europesays.com\/africa\/wp-json\/wp\/v2\/posts"}],"about":[{"href":"https:\/\/www.europesays.com\/africa\/wp-json\/wp\/v2\/types\/post"}],"author":[{"embeddable":true,"href":"https:\/\/www.europesays.com\/africa\/wp-json\/wp\/v2\/users\/2"}],"replies":[{"embeddable":true,"href":"https:\/\/www.europesays.com\/africa\/wp-json\/wp\/v2\/comments?post=13640"}],"version-history":[{"count":0,"href":"https:\/\/www.europesays.com\/africa\/wp-json\/wp\/v2\/posts\/13640\/revisions"}],"wp:featuredmedia":[{"embeddable":true,"href":"https:\/\/www.europesays.com\/africa\/wp-json\/wp\/v2\/media\/13641"}],"wp:attachment":[{"href":"https:\/\/www.europesays.com\/africa\/wp-json\/wp\/v2\/media?parent=13640"}],"wp:term":[{"taxonomy":"category","embeddable":true,"href":"https:\/\/www.europesays.com\/africa\/wp-json\/wp\/v2\/categories?post=13640"},{"taxonomy":"post_tag","embeddable":true,"href":"https:\/\/www.europesays.com\/africa\/wp-json\/wp\/v2\/tags?post=13640"}],"curies":[{"name":"wp","href":"https:\/\/api.w.org\/{rel}","templated":true}]}}