{"id":13644,"date":"2026-01-09T17:03:07","date_gmt":"2026-01-09T17:03:07","guid":{"rendered":"https:\/\/www.europesays.com\/africa\/13644\/"},"modified":"2026-01-09T17:03:07","modified_gmt":"2026-01-09T17:03:07","slug":"mobilisation-accrue-pour-renforcer-la-souverainete-sanitaire-du-maroc","status":"publish","type":"post","link":"https:\/\/www.europesays.com\/africa\/13644\/","title":{"rendered":"mobilisation accrue pour renforcer la souverainet\u00e9 sanitaire du Maroc"},"content":{"rendered":"<p>\t\t\tL\u2019Association des Entreprises du M\u00e9dicament au Maroc (LEMM) a tenu aujourd\u2019hui \u00e0 Rabat, sous l\u2019\u00e9gide du Minist\u00e8re de l\u2019Industrie et du Commerce et du Minist\u00e8re de la Sant\u00e9 et de la Protection Sociale, un workshop strat\u00e9gique d\u00e9di\u00e9 \u00e0 la propri\u00e9t\u00e9 intellectuelle pharmaceutique.<\/p>\n<p style=\"text-align: justify;\">Pr\u00e9sid\u00e9e par M. Abdelkrim Meziane Belfkih, Secr\u00e9taire G\u00e9n\u00e9ral du Minist\u00e8re de la Sant\u00e9 et de la Protection Sociale, et M. Brahim Ben Moussa, Secr\u00e9taire G\u00e9n\u00e9ral du Minist\u00e8re de l\u2019Investissement, de la Convergence et de l\u2019\u00c9valuation des Politiques Publiques, cette rencontre de haut niveau a r\u00e9uni institutions publiques, experts internationaux et acteurs de l\u2019industrie pharmaceutique autour des enjeux li\u00e9s \u00e0 l\u2019innovation, \u00e0 la s\u00e9curit\u00e9 juridique et \u00e0 l\u2019attractivit\u00e9 du secteur.<\/p>\n<p style=\"text-align: justify;\">Les \u00e9changes ont mis en \u00e9vidence le r\u00f4le strat\u00e9gique de la propri\u00e9t\u00e9 intellectuelle comme levier de souverainet\u00e9 sanitaire, de d\u00e9veloppement industriel et d\u2019attractivit\u00e9 \u00e9conomique. La n\u00e9cessit\u00e9 d\u2019un cadre juridique clair, stable et pr\u00e9visible a \u00e9t\u00e9 soulign\u00e9e comme un facteur cl\u00e9 pour encourager les investissements responsables, favoriser les transferts de technologie et renforcer les capacit\u00e9s locales, au b\u00e9n\u00e9fice des patients marocains.<\/p>\n<p style=\"text-align: justify;\">Lire aussi :\u00a0<a style=\"color: #008000;\" href=\"https:\/\/maroc-diplomatique.net\/code-du-medicament-150-personnes-poursuivies-pour-des-pratiques-illicites-en-2024\/\" rel=\"nofollow noopener\" target=\"_blank\">Code du m\u00e9dicament : 150 personnes poursuivies pour des pratiques illicites en 2024<\/a><\/p>\n<p style=\"text-align: justify;\">Les discussions ont port\u00e9 notamment sur la protection des donn\u00e9es issues des essais cliniques, les m\u00e9canismes de liaison entre brevet et autorisation de mise sur le march\u00e9 (AMM), l\u2019harmonisation des proc\u00e9dures r\u00e9glementaires, la r\u00e9duction des d\u00e9lais d\u2019instruction et le renforcement de la s\u00e9curit\u00e9 juridique des investisseurs.<\/p>\n<p style=\"text-align: justify;\">\u00ab Prot\u00e9ger l\u2019innovation, c\u2019est cr\u00e9er les conditions d\u2019un meilleur acc\u00e8s aux soins, \u00e0 travers un cadre transparent et une gouvernance fond\u00e9e sur la confiance et la concertation \u00bb, a d\u00e9clar\u00e9 Dr Amine Sekhri, Pr\u00e9sident du LEMM. \u00ab Notre ambition est de consolider cet environnement afin d\u2019attirer des investissements responsables, d\u2019acc\u00e9l\u00e9rer les transferts de technologie et de garantir aux patients au Maroc un acc\u00e8s durable aux traitements les plus avanc\u00e9s \u00bb, a-t-il ajout\u00e9.<\/p>\n<p style=\"text-align: justify;\">Align\u00e9e sur l\u2019Accord sur les ADPIC (TRIPS)*, la loi n\u00b017-97 a permis au Maroc de se doter d\u2019un cadre de protection de la propri\u00e9t\u00e9 intellectuelle conforme aux standards internationaux, favorisant l\u2019\u00e9mergence d\u2019une industrie pharmaceutique locale dynamique et l\u2019attraction d\u2019investissements significatifs. L\u2019enjeu r\u00e9side aujourd\u2019hui dans une application homog\u00e8ne et pr\u00e9visible de ce cadre, condition essentielle au d\u00e9veloppement des essais cliniques, \u00e0 la production locale et \u00e0 la mont\u00e9e en gamme vers les biotechnologies.<\/p>\n<p style=\"text-align: justify;\">\u00c0 travers cette initiative, le LEMM r\u00e9affirme son engagement \u00e0 accompagner les r\u00e9formes structurantes du secteur pharmaceutique et \u00e0 contribuer activement \u00e0 la construction d\u2019un \u00e9cosyst\u00e8me d\u2019innovation performant, au service de la sant\u00e9 publique et du d\u00e9veloppement industriel du Royaume.<\/p>\n","protected":false},"excerpt":{"rendered":"L\u2019Association des Entreprises du M\u00e9dicament au Maroc (LEMM) a tenu aujourd\u2019hui \u00e0 Rabat, sous l\u2019\u00e9gide du Minist\u00e8re de&hellip;\n","protected":false},"author":2,"featured_media":13645,"comment_status":"","ping_status":"","sticky":false,"template":"","format":"standard","meta":{"footnotes":""},"categories":[41],"tags":[9279,9280,9281,158,9282,9283],"class_list":{"0":"post-13644","1":"post","2":"type-post","3":"status-publish","4":"format-standard","5":"has-post-thumbnail","7":"category-maroc","8":"tag-amm","9":"tag-industrie","10":"tag-lemm","11":"tag-maroc","12":"tag-pharmaceutique","13":"tag-propriete-intellectuelle"},"share_on_mastodon":{"url":"","error":""},"_links":{"self":[{"href":"https:\/\/www.europesays.com\/africa\/wp-json\/wp\/v2\/posts\/13644","targetHints":{"allow":["GET"]}}],"collection":[{"href":"https:\/\/www.europesays.com\/africa\/wp-json\/wp\/v2\/posts"}],"about":[{"href":"https:\/\/www.europesays.com\/africa\/wp-json\/wp\/v2\/types\/post"}],"author":[{"embeddable":true,"href":"https:\/\/www.europesays.com\/africa\/wp-json\/wp\/v2\/users\/2"}],"replies":[{"embeddable":true,"href":"https:\/\/www.europesays.com\/africa\/wp-json\/wp\/v2\/comments?post=13644"}],"version-history":[{"count":0,"href":"https:\/\/www.europesays.com\/africa\/wp-json\/wp\/v2\/posts\/13644\/revisions"}],"wp:featuredmedia":[{"embeddable":true,"href":"https:\/\/www.europesays.com\/africa\/wp-json\/wp\/v2\/media\/13645"}],"wp:attachment":[{"href":"https:\/\/www.europesays.com\/africa\/wp-json\/wp\/v2\/media?parent=13644"}],"wp:term":[{"taxonomy":"category","embeddable":true,"href":"https:\/\/www.europesays.com\/africa\/wp-json\/wp\/v2\/categories?post=13644"},{"taxonomy":"post_tag","embeddable":true,"href":"https:\/\/www.europesays.com\/africa\/wp-json\/wp\/v2\/tags?post=13644"}],"curies":[{"name":"wp","href":"https:\/\/api.w.org\/{rel}","templated":true}]}}