{"id":13667,"date":"2026-01-09T17:16:10","date_gmt":"2026-01-09T17:16:10","guid":{"rendered":"https:\/\/www.europesays.com\/africa\/13667\/"},"modified":"2026-01-09T17:16:10","modified_gmt":"2026-01-09T17:16:10","slug":"video-direct-vivez-le-match-senegal","status":"publish","type":"post","link":"https:\/\/www.europesays.com\/africa\/13667\/","title":{"rendered":"VID\u00c9O &#8211; DIRECT : Vivez le match S\u00e9n\u00e9gal"},"content":{"rendered":"<p class=\"firstp\">Ne manquez rien de ce quart de finale explosif de la CAN 2025 entre le S\u00e9n\u00e9gal et le Mali ! Vivez le match en direct comment\u00e9 vid\u00e9o, avec analyses, r\u00e9actions et chaque action d\u00e9cisive au rythme des Lions et des Aigles. Restez connect\u00e9s \u00e0 SeneNews TV pour ressentir l\u2019intensit\u00e9, les buts, les duels et l\u2019\u00e9motion de ce derby ouest-africain, comme si vous \u00e9tiez au stade Ibn Batouta de Tanger. La bataille pour la <a href=\"https:\/\/www.senenews.com\/actualites\/en-direct-suivez-le-match-mali-vs-senegal-quarts-de-finale-can-2025_572048.html\" rel=\"nofollow noopener\" target=\"_blank\">demi-finale<\/a> commence maintenant !<\/p>\n","protected":false},"excerpt":{"rendered":"Ne manquez rien de ce quart de finale explosif de la CAN 2025 entre le S\u00e9n\u00e9gal et le&hellip;\n","protected":false},"author":2,"featured_media":13668,"comment_status":"","ping_status":"","sticky":false,"template":"","format":"standard","meta":{"footnotes":""},"categories":[48],"tags":[2100,247,9294,311,965,159,163,481,4189],"class_list":{"0":"post-13667","1":"post","2":"type-post","3":"status-publish","4":"format-standard","5":"has-post-thumbnail","7":"category-senegal","8":"tag-a-la-une-notification","9":"tag-afrique-actualite","10":"tag-en-direct-live","11":"tag-football","12":"tag-mali","13":"tag-senegal","14":"tag-senegal-actualites","15":"tag-senenews-sport","16":"tag-senenews-tv"},"share_on_mastodon":{"url":"","error":""},"_links":{"self":[{"href":"https:\/\/www.europesays.com\/africa\/wp-json\/wp\/v2\/posts\/13667","targetHints":{"allow":["GET"]}}],"collection":[{"href":"https:\/\/www.europesays.com\/africa\/wp-json\/wp\/v2\/posts"}],"about":[{"href":"https:\/\/www.europesays.com\/africa\/wp-json\/wp\/v2\/types\/post"}],"author":[{"embeddable":true,"href":"https:\/\/www.europesays.com\/africa\/wp-json\/wp\/v2\/users\/2"}],"replies":[{"embeddable":true,"href":"https:\/\/www.europesays.com\/africa\/wp-json\/wp\/v2\/comments?post=13667"}],"version-history":[{"count":0,"href":"https:\/\/www.europesays.com\/africa\/wp-json\/wp\/v2\/posts\/13667\/revisions"}],"wp:featuredmedia":[{"embeddable":true,"href":"https:\/\/www.europesays.com\/africa\/wp-json\/wp\/v2\/media\/13668"}],"wp:attachment":[{"href":"https:\/\/www.europesays.com\/africa\/wp-json\/wp\/v2\/media?parent=13667"}],"wp:term":[{"taxonomy":"category","embeddable":true,"href":"https:\/\/www.europesays.com\/africa\/wp-json\/wp\/v2\/categories?post=13667"},{"taxonomy":"post_tag","embeddable":true,"href":"https:\/\/www.europesays.com\/africa\/wp-json\/wp\/v2\/tags?post=13667"}],"curies":[{"name":"wp","href":"https:\/\/api.w.org\/{rel}","templated":true}]}}