{"id":1370,"date":"2026-01-03T23:00:22","date_gmt":"2026-01-03T23:00:22","guid":{"rendered":"https:\/\/www.europesays.com\/africa\/1370\/"},"modified":"2026-01-03T23:00:22","modified_gmt":"2026-01-03T23:00:22","slug":"le-maroc-reaffirme-son-soutien-inebranlable-a-lunite-nationale-du-yemen","status":"publish","type":"post","link":"https:\/\/www.europesays.com\/africa\/1370\/","title":{"rendered":"Le Maroc r\u00e9affirme son soutien in\u00e9branlable \u00e0 l\u2019unit\u00e9 nationale du Y\u00e9men"},"content":{"rendered":"<p>\t\t\t\t\t<a class=\"post-thumbnail open-lightbox\" href=\"https:\/\/www.europesays.com\/africa\/wp-content\/uploads\/2026\/01\/MAE_communique.jpg\"><img decoding=\"async\" src=\"https:\/\/www.europesays.com\/africa\/wp-content\/uploads\/2026\/01\/MAE_communique.jpg\" alt=\"\"\/>\t\t\t\t\t\t<\/a><\/p>\n<p>Le Royaume du Maroc affirme suivre de pr\u00e8s et avec grand int\u00e9r\u00eat les derniers d\u00e9veloppements survenus au Y\u00e9men, r\u00e9it\u00e9rant, \u00ab\u00a0de par sa conviction des fondements du droit international et des principes de bon voisinage et de respect de l\u2019int\u00e9grit\u00e9 et de la souverainet\u00e9 des \u00c9tats, son soutien in\u00e9branlable \u00e0 l\u2019unit\u00e9 nationale du Y\u00e9men et \u00e0 sa souverainet\u00e9 sur l\u2019ensemble de son territoire, ainsi qu\u2019au droit du peuple y\u00e9m\u00e9nite \u00e0 la s\u00e9curit\u00e9 et \u00e0 la stabilit\u00e9.<\/p>\n<p><a itemprop=\"url\" class=\"mfhrceldjz-link\" href=\"https:\/\/www.visitmorocco.com\/fr\/maroc-terre-de-football\/fr?utm_source=supportspremiumma&amp;utm_campaign=007~afcon25~ma~11~25~supportspremiumma~display~reservation~awareness~cam50m~fr&amp;utm_content=007~006~007~premium~image~1x1~autres\/?source=onmt-can-atlas\" target=\"_blank\" rel=\"nofollow noopener\"><img decoding=\"async\" class=\"mfhrceldjz-image\" src=\"https:\/\/www.europesays.com\/africa\/wp-content\/uploads\/2026\/01\/Atlas-300x250-1.jpg\" alt=\"can2025-atlas\"\/><\/a> <\/p>\n<p>Partant de son engagement ferme \u00e0 consolider la stabilit\u00e9 dans la r\u00e9gion arabe, le Maroc r\u00e9affirme son rejet de tout ce qui est de nature \u00e0 porter atteinte \u00e0 la souverainet\u00e9 et \u00e0 l\u2019int\u00e9grit\u00e9 du territoire du Y\u00e9men, ainsi que son soutien \u00e0 toutes les initiatives visant \u00e0 apaiser la situation, au service de la s\u00e9curit\u00e9 et pour garantir la stabilit\u00e9 de tous les pays de la r\u00e9gion, indique un communiqu\u00e9 du minist\u00e8re des Affaires \u00e9trang\u00e8res, de la Coop\u00e9ration africaine et des Marocains r\u00e9sidant \u00e0 l\u2019\u00e9tranger.<\/p>\n<p>A cet \u00e9gard, le Royaume exhorte toutes les parties concern\u00e9es \u00e0 demeurer attach\u00e9es au dialogue afin de parvenir \u00e0 une solution politique globale, sous l\u2019\u00e9gide de la l\u00e9galit\u00e9 internationale, de mani\u00e8re \u00e0 pr\u00e9server l\u2019unit\u00e9 et la souverainet\u00e9 de la R\u00e9publique du Y\u00e9men et \u00e0 satisfaire les aspirations de son peuple \u00e0 une vie digne et \u00e0 une stabilit\u00e9 durable, conclut le communiqu\u00e9.<\/p>\n<p> <a itemprop=\"url\" class=\"mfhrceldjz-link\" href=\"https:\/\/www.youtube.com\/watch?v=LB5b4t_CTSg\" target=\"_blank\" rel=\"nofollow noopener\"><img decoding=\"async\" class=\"mfhrceldjz-image\" src=\"https:\/\/www.europesays.com\/africa\/wp-content\/uploads\/2026\/01\/AOM-AF-300x250-1.jpg\" alt=\"Airports-M-small\"\/><\/a>\t\t\t<\/p>\n","protected":false},"excerpt":{"rendered":"Le Royaume du Maroc affirme suivre de pr\u00e8s et avec grand int\u00e9r\u00eat les derniers d\u00e9veloppements survenus au Y\u00e9men,&hellip;\n","protected":false},"author":2,"featured_media":1371,"comment_status":"","ping_status":"","sticky":false,"template":"","format":"standard","meta":{"footnotes":""},"categories":[41],"tags":[1522,1518,480,622,618,1517,1523,1519,1514,1513,1521,158,1520,1515,1516,1284,1287],"class_list":{"0":"post-1370","1":"post","2":"type-post","3":"status-publish","4":"format-standard","5":"has-post-thumbnail","7":"category-maroc","8":"tag-unite-nationale-du-yemen","9":"tag-a","10":"tag-a-la-une","11":"tag-atlasinfo","12":"tag-du","13":"tag-inebranlable","14":"tag-integrite-territoriale","15":"tag-lunite","16":"tag-le","17":"tag-le-maroc-reaffirme-son-soutien-inebranlable-a-lunite-nationale-du-yemen","18":"tag-maghreb","19":"tag-maroc","20":"tag-nationale","21":"tag-reaffirme","22":"tag-son","23":"tag-soutien","24":"tag-yemen"},"share_on_mastodon":{"url":"","error":""},"_links":{"self":[{"href":"https:\/\/www.europesays.com\/africa\/wp-json\/wp\/v2\/posts\/1370","targetHints":{"allow":["GET"]}}],"collection":[{"href":"https:\/\/www.europesays.com\/africa\/wp-json\/wp\/v2\/posts"}],"about":[{"href":"https:\/\/www.europesays.com\/africa\/wp-json\/wp\/v2\/types\/post"}],"author":[{"embeddable":true,"href":"https:\/\/www.europesays.com\/africa\/wp-json\/wp\/v2\/users\/2"}],"replies":[{"embeddable":true,"href":"https:\/\/www.europesays.com\/africa\/wp-json\/wp\/v2\/comments?post=1370"}],"version-history":[{"count":0,"href":"https:\/\/www.europesays.com\/africa\/wp-json\/wp\/v2\/posts\/1370\/revisions"}],"wp:featuredmedia":[{"embeddable":true,"href":"https:\/\/www.europesays.com\/africa\/wp-json\/wp\/v2\/media\/1371"}],"wp:attachment":[{"href":"https:\/\/www.europesays.com\/africa\/wp-json\/wp\/v2\/media?parent=1370"}],"wp:term":[{"taxonomy":"category","embeddable":true,"href":"https:\/\/www.europesays.com\/africa\/wp-json\/wp\/v2\/categories?post=1370"},{"taxonomy":"post_tag","embeddable":true,"href":"https:\/\/www.europesays.com\/africa\/wp-json\/wp\/v2\/tags?post=1370"}],"curies":[{"name":"wp","href":"https:\/\/api.w.org\/{rel}","templated":true}]}}