{"id":13714,"date":"2026-01-09T17:42:10","date_gmt":"2026-01-09T17:42:10","guid":{"rendered":"https:\/\/www.europesays.com\/africa\/13714\/"},"modified":"2026-01-09T17:42:10","modified_gmt":"2026-01-09T17:42:10","slug":"vous-etes-partages-concernant-un-potentiel-nouveau-titre-pour-le-deodatien-kalidou-koulibaly","status":"publish","type":"post","link":"https:\/\/www.europesays.com\/africa\/13714\/","title":{"rendered":"vous \u00eates partag\u00e9s concernant un potentiel nouveau titre pour le D\u00e9odatien Kalidou\u00a0Koulibaly"},"content":{"rendered":"<p>Qualifi\u00e9s pour les quarts de finale de la Coupe d&#8217;Afrique des Nations, \u00e0 la faveur d&#8217;un succ\u00e8s face au\u00a0Soudan, les S\u00e9n\u00e9galais de Kalidou Koulibaly d\u00e9fient le Mali, ce vendredi \u00e0 17 h. Le capitaine d\u00e9odatien, qui vient tout juste de purger sa suspension, sera ainsi de retour sur le rectangle vert pour d\u00e9fendre les couleurs de son pays.<\/p>\n<p>D\u00e9j\u00e0 vainqueur en 2021 au Cameroun pour la premi\u00e8re fois de son histoire, le S\u00e9n\u00e9gal a l&#8217;opportunit\u00e9 de glaner une seconde \u00e9toile continentale. \u00c0 cette occasion, nous vous avons sond\u00e9 quant \u00e0 une potentielle nouvelle victoire des Lions de la Teranga et de son capitaine, et vous \u00eates tr\u00e8s partag\u00e9s\u00a0! Sur les 34 votants, 17 ont opt\u00e9 pour un nouveau succ\u00e8s s\u00e9n\u00e9galais, et les 17 autres ne voient pas le S\u00e9n\u00e9gal aller au bout.<\/p>\n<p>Premier \u00e9l\u00e9ment de r\u00e9ponse ce vendredi soir, sur les coups de 19 h (ou plus si affinit\u00e9s).<\/p>\n","protected":false},"excerpt":{"rendered":"Qualifi\u00e9s pour les quarts de finale de la Coupe d&#8217;Afrique des Nations, \u00e0 la faveur d&#8217;un succ\u00e8s face&hellip;\n","protected":false},"author":2,"featured_media":13715,"comment_status":"","ping_status":"","sticky":false,"template":"","format":"standard","meta":{"footnotes":""},"categories":[62],"tags":[64,295,1063,1064,311,1686,310,1062,7710],"class_list":{"0":"post-13714","1":"post","2":"type-post","3":"status-publish","4":"format-standard","5":"has-post-thumbnail","7":"category-afrique","8":"tag-afrique","9":"tag-fil-info","10":"tag-fil-info-sport","11":"tag-fil-web","12":"tag-football","13":"tag-saint-die-des-vosges","14":"tag-sport","15":"tag-sport-lorrain","16":"tag-vosges"},"share_on_mastodon":{"url":"","error":""},"_links":{"self":[{"href":"https:\/\/www.europesays.com\/africa\/wp-json\/wp\/v2\/posts\/13714","targetHints":{"allow":["GET"]}}],"collection":[{"href":"https:\/\/www.europesays.com\/africa\/wp-json\/wp\/v2\/posts"}],"about":[{"href":"https:\/\/www.europesays.com\/africa\/wp-json\/wp\/v2\/types\/post"}],"author":[{"embeddable":true,"href":"https:\/\/www.europesays.com\/africa\/wp-json\/wp\/v2\/users\/2"}],"replies":[{"embeddable":true,"href":"https:\/\/www.europesays.com\/africa\/wp-json\/wp\/v2\/comments?post=13714"}],"version-history":[{"count":0,"href":"https:\/\/www.europesays.com\/africa\/wp-json\/wp\/v2\/posts\/13714\/revisions"}],"wp:featuredmedia":[{"embeddable":true,"href":"https:\/\/www.europesays.com\/africa\/wp-json\/wp\/v2\/media\/13715"}],"wp:attachment":[{"href":"https:\/\/www.europesays.com\/africa\/wp-json\/wp\/v2\/media?parent=13714"}],"wp:term":[{"taxonomy":"category","embeddable":true,"href":"https:\/\/www.europesays.com\/africa\/wp-json\/wp\/v2\/categories?post=13714"},{"taxonomy":"post_tag","embeddable":true,"href":"https:\/\/www.europesays.com\/africa\/wp-json\/wp\/v2\/tags?post=13714"}],"curies":[{"name":"wp","href":"https:\/\/api.w.org\/{rel}","templated":true}]}}