{"id":13722,"date":"2026-01-09T17:46:15","date_gmt":"2026-01-09T17:46:15","guid":{"rendered":"https:\/\/www.europesays.com\/africa\/13722\/"},"modified":"2026-01-09T17:46:15","modified_gmt":"2026-01-09T17:46:15","slug":"en-direct-maroc-cameroun-attention-danger-pour-le-pays-hote-suivez-ce-quart-de-finale-de-la-can-avec-nous","status":"publish","type":"post","link":"https:\/\/www.europesays.com\/africa\/13722\/","title":{"rendered":"EN DIRECT Maroc &#8211; Cameroun\u00a0: Attention, danger pour le pays h\u00f4te\u2026 Suivez ce quart de finale de la CAN avec nous"},"content":{"rendered":"<p>Attention choc en vue\u00a0!<\/p>\n<p>On rentre dans le vif du sujet de cette Coupe d&#8217;Afrique des Nations avec le premier choc de ces quarts de finale entre le Maroc et le Cameroun, un grand classique du foot africain. Si les Lions Indomptables ont \u00e9chou\u00e9 \u00e0 se qualifier pour la Coupe du monde, ils restent une valeur s\u00fbre \u00e0 l\u2019\u00e9chelle du continent comme en t\u00e9moigne leur d\u00e9but de comp\u00e9tition. Les Marocains devront donc sortir un gros match pour rester en vie dans leur CAN. La pression est totale.<\/p>\n","protected":false},"excerpt":{"rendered":"Attention choc en vue\u00a0! On rentre dans le vif du sujet de cette Coupe d&#8217;Afrique des Nations avec&hellip;\n","protected":false},"author":2,"featured_media":13723,"comment_status":"","ping_status":"","sticky":false,"template":"","format":"standard","meta":{"footnotes":""},"categories":[41],"tags":[173,381,179,311,158,310],"class_list":{"0":"post-13722","1":"post","2":"type-post","3":"status-publish","4":"format-standard","5":"has-post-thumbnail","7":"category-maroc","8":"tag-achraf-hakimi","9":"tag-cameroun","10":"tag-can-2025","11":"tag-football","12":"tag-maroc","13":"tag-sport"},"share_on_mastodon":{"url":"","error":""},"_links":{"self":[{"href":"https:\/\/www.europesays.com\/africa\/wp-json\/wp\/v2\/posts\/13722","targetHints":{"allow":["GET"]}}],"collection":[{"href":"https:\/\/www.europesays.com\/africa\/wp-json\/wp\/v2\/posts"}],"about":[{"href":"https:\/\/www.europesays.com\/africa\/wp-json\/wp\/v2\/types\/post"}],"author":[{"embeddable":true,"href":"https:\/\/www.europesays.com\/africa\/wp-json\/wp\/v2\/users\/2"}],"replies":[{"embeddable":true,"href":"https:\/\/www.europesays.com\/africa\/wp-json\/wp\/v2\/comments?post=13722"}],"version-history":[{"count":0,"href":"https:\/\/www.europesays.com\/africa\/wp-json\/wp\/v2\/posts\/13722\/revisions"}],"wp:featuredmedia":[{"embeddable":true,"href":"https:\/\/www.europesays.com\/africa\/wp-json\/wp\/v2\/media\/13723"}],"wp:attachment":[{"href":"https:\/\/www.europesays.com\/africa\/wp-json\/wp\/v2\/media?parent=13722"}],"wp:term":[{"taxonomy":"category","embeddable":true,"href":"https:\/\/www.europesays.com\/africa\/wp-json\/wp\/v2\/categories?post=13722"},{"taxonomy":"post_tag","embeddable":true,"href":"https:\/\/www.europesays.com\/africa\/wp-json\/wp\/v2\/tags?post=13722"}],"curies":[{"name":"wp","href":"https:\/\/api.w.org\/{rel}","templated":true}]}}