{"id":13745,"date":"2026-01-09T18:01:06","date_gmt":"2026-01-09T18:01:06","guid":{"rendered":"https:\/\/www.europesays.com\/africa\/13745\/"},"modified":"2026-01-09T18:01:06","modified_gmt":"2026-01-09T18:01:06","slug":"letat-du-senegal-fixe-les-prix-plafond-du-riz-importe-a-dakar","status":"publish","type":"post","link":"https:\/\/www.europesays.com\/africa\/13745\/","title":{"rendered":"L&#8217;\u00c9tat du S\u00e9n\u00e9gal fixe les prix plafond du riz import\u00e9 \u00e0 Dakar"},"content":{"rendered":"<p class=\"firstp\">Le Minist\u00e8re de l\u2019Industrie et du Commerce de la R\u00e9publique du S\u00e9n\u00e9gal a publi\u00e9 un arr\u00eat\u00e9 fixant les prix plafond du riz bris\u00e9 ordinaire import\u00e9 dans la r\u00e9gion de Dakar. Cette d\u00e9cision s\u2019inscrit dans le cadre du d\u00e9cret n\u00b02022-89 du 17 janvier 2022 relatif aux r\u00e9gimes de prix et aux proc\u00e9dures de r\u00e8glement du contentieux \u00e9conomique.<\/p>\n<p>L\u2019arr\u00eat\u00e9 pr\u00e9cise les tarifs maximums pour le riz d\u2019origine indienne, vietnamienne, tha\u00eflandaise, pakistanaise et myanmaraise. Dans la capitale, les prix plafond sont \u00e9tablis \u00e0 270 000 francs CFA par tonne pour l\u2019importation, 274 000 francs CFA pour la vente en gros, 280 000 francs CFA pour la demi-gros et 300 francs CFA par kilogramme pour la vente au d\u00e9tail. Pour les autres r\u00e9gions, un diff\u00e9rentiel de transport sera ajout\u00e9, d\u00e9termin\u00e9 par le Conseil r\u00e9gional de la Consommation de chaque zone.\n<\/p>\n<p><a href=\"https:\/\/www.senenews.com\/actualites\/carnet-rose-linfluenceur-drizzy-annonce-la-naissance-de-son-fils_571219.html\" rel=\"nofollow noopener\" target=\"_blank\">Le texte impose \u00e9galement aux commer\u00e7ants d\u2019afficher de mani\u00e8re visible et lisible les prix fix\u00e9s<\/a>, via marquage, \u00e9tiquetage ou tout autre affichage appropri\u00e9. Toute violation de ces dispositions sera sanctionn\u00e9e conform\u00e9ment \u00e0 la l\u00e9gislation en vigueur. Cette mesure fait suite \u00e0 l\u2019avis du Conseil national de la Consommation \u00e9mis le 18 d\u00e9cembre 2025. Le Directeur du Commerce int\u00e9rieur est charg\u00e9 de veiller \u00e0 l\u2019application de l\u2019arr\u00eat\u00e9, sign\u00e9 par le Dr Serigne Gu\u00e8ye Diop, Ministre de l\u2019Industrie et du Commerce.<\/p>\n","protected":false},"excerpt":{"rendered":"Le Minist\u00e8re de l\u2019Industrie et du Commerce de la R\u00e9publique du S\u00e9n\u00e9gal a publi\u00e9 un arr\u00eat\u00e9 fixant les&hellip;\n","protected":false},"author":2,"featured_media":13746,"comment_status":"","ping_status":"","sticky":false,"template":"","format":"standard","meta":{"footnotes":""},"categories":[48],"tags":[9314,159,163,239],"class_list":{"0":"post-13745","1":"post","2":"type-post","3":"status-publish","4":"format-standard","5":"has-post-thumbnail","7":"category-senegal","8":"tag-riz-importe","9":"tag-senegal","10":"tag-senegal-actualites","11":"tag-societe"},"share_on_mastodon":{"url":"","error":""},"_links":{"self":[{"href":"https:\/\/www.europesays.com\/africa\/wp-json\/wp\/v2\/posts\/13745","targetHints":{"allow":["GET"]}}],"collection":[{"href":"https:\/\/www.europesays.com\/africa\/wp-json\/wp\/v2\/posts"}],"about":[{"href":"https:\/\/www.europesays.com\/africa\/wp-json\/wp\/v2\/types\/post"}],"author":[{"embeddable":true,"href":"https:\/\/www.europesays.com\/africa\/wp-json\/wp\/v2\/users\/2"}],"replies":[{"embeddable":true,"href":"https:\/\/www.europesays.com\/africa\/wp-json\/wp\/v2\/comments?post=13745"}],"version-history":[{"count":0,"href":"https:\/\/www.europesays.com\/africa\/wp-json\/wp\/v2\/posts\/13745\/revisions"}],"wp:featuredmedia":[{"embeddable":true,"href":"https:\/\/www.europesays.com\/africa\/wp-json\/wp\/v2\/media\/13746"}],"wp:attachment":[{"href":"https:\/\/www.europesays.com\/africa\/wp-json\/wp\/v2\/media?parent=13745"}],"wp:term":[{"taxonomy":"category","embeddable":true,"href":"https:\/\/www.europesays.com\/africa\/wp-json\/wp\/v2\/categories?post=13745"},{"taxonomy":"post_tag","embeddable":true,"href":"https:\/\/www.europesays.com\/africa\/wp-json\/wp\/v2\/tags?post=13745"}],"curies":[{"name":"wp","href":"https:\/\/api.w.org\/{rel}","templated":true}]}}