{"id":13764,"date":"2026-01-09T18:13:07","date_gmt":"2026-01-09T18:13:07","guid":{"rendered":"https:\/\/www.europesays.com\/africa\/13764\/"},"modified":"2026-01-09T18:13:07","modified_gmt":"2026-01-09T18:13:07","slug":"pourquoi-les-quarts-de-finale-de-la-coupe-dafrique-des-nations-menent-la-prefecture-de-laude-a-prendre-deux-arretes-sur-les-carburants-et-feux-dartifice","status":"publish","type":"post","link":"https:\/\/www.europesays.com\/africa\/13764\/","title":{"rendered":"Pourquoi les quarts de finale de la coupe d\u2019Afrique des Nations m\u00e8nent la pr\u00e9fecture de l\u2019Aude \u00e0 prendre deux arr\u00eat\u00e9s sur les carburants et feux d\u2019artifice"},"content":{"rendered":"<p>\n                                                                La pr\u00e9fecture de l\u2019Aude a publi\u00e9 ce vendredi 9\u00a0janvier deux arr\u00eat\u00e9s r\u00e9glementant l\u2019achat, la vente au d\u00e9tail et le transport de carburants ainsi que des artifices de divertissement alors que les quarts de finale de la coupe d\u2019Afrique des nations se d\u00e9roulent en cette fin de journ\u00e9e, puis le samedi 10\u00a0janvier.\n                            <\/p>\n<p>C\u2019est notamment en faisant r\u00e9f\u00e9rence aux incidents survenus les 28 et 31\u00a0d\u00e9cembre 2025 lors de la &#8220;victoire de l\u2019Alg\u00e9rie lors de la Coupe d\u2019Afrique des Nations (CAN)&#8221; que la pr\u00e9fecture de l\u2019Aude a pris ce vendredi 9\u00a0janvier un arr\u00eat\u00e9 &#8220;r\u00e9glementant l\u2019achat, la vente au d\u00e9tail, l\u2019enl\u00e8vement et le transport de carburants&#8221;, mais aussi &#8220;la vente, la circulation et l\u2019usage d\u2019artifices de divertissement&#8221;. La pr\u00e9fecture de l\u2019Aude interdit ainsi dans l\u2019ensemble des communes du d\u00e9partement tous ces actes depuis ce vendredi, 16\u00a0h, jusqu\u2019au samedi 10\u00a0janvier \u00e0 6\u00a0h, en raison du d\u00e9roulement de deux quarts de finale de la CAN, Mali-S\u00e9n\u00e9gal (d\u00e9but\u00e9 \u00e0 17\u00a0h), et Cameroun-Maroc (\u00e0 20\u00a0h, ce vendredi).<\/p>\n<p>Dans son arr\u00eat\u00e9, la pr\u00e9fecture \u00e9voque &#8220;le regroupement de plusieurs centaines de supporters en centre-ville \u00e0 Lille bloquant la circulation et usant de tirs de mortiers d\u2019artifice&#8221;, des &#8220;incendies sur la voie publique \u00e0 Roubaix&#8221;, une &#8220;agression des forces de l\u2019ordre \u00e0 Lyon&#8221;, la &#8220;d\u00e9gradation d\u2019un tramway \u00e0 Marseille&#8221;, une autre &#8220;agression des policiers \u00e0 Toulouse par tir de mortiers&#8221;, ou encore des &#8220;violences \u00e0 Paris&#8221;. C\u2019est donc en consid\u00e9rant que &#8220;des rassemblements spontan\u00e9s de supporters sont susceptibles de provoquer des troubles \u00e0 l\u2019ordre public&#8221; que la pr\u00e9fecture de l\u2019Aude a d\u00e9cid\u00e9 ce jour-m\u00eame de prendre cet arr\u00eat\u00e9.<\/p>\n<p>Un autre arr\u00eat\u00e9, aux termes identiques, a par ailleurs \u00e9t\u00e9 sign\u00e9 pour la journ\u00e9e du samedi 10\u00a0janvier, en se r\u00e9f\u00e9rant cette fois aux deux autres quarts de finale de la CAN, qui opposeront l\u2019Alg\u00e9rie au Nig\u00e9ria \u00e0 17\u00a0h, puis l\u2019Egypte et la C\u00f4te d&#8217;Ivoire \u00e0 20\u00a0h. Les interdictions relatives aux carburants, produits inflammables, chimiques ou explosifs ainsi qu\u2019aux p\u00e9tards, articles pyrotechniques et artifices de divertissement s\u2019appliqueront \u00e0 partir de 16\u00a0h, samedi, jusqu\u2019au dimanche 11\u00a0janvier, \u00e0 6\u00a0h.<\/p>\n","protected":false},"excerpt":{"rendered":"La pr\u00e9fecture de l\u2019Aude a publi\u00e9 ce vendredi 9\u00a0janvier deux arr\u00eat\u00e9s r\u00e9glementant l\u2019achat, la vente au d\u00e9tail et&hellip;\n","protected":false},"author":2,"featured_media":13765,"comment_status":"","ping_status":"","sticky":false,"template":"","format":"standard","meta":{"footnotes":""},"categories":[62],"tags":[2272,64,9328,9329,2687],"class_list":{"0":"post-13764","1":"post","2":"type-post","3":"status-publish","4":"format-standard","5":"has-post-thumbnail","7":"category-afrique","8":"tag-actu","9":"tag-afrique","10":"tag-aude","11":"tag-carcassonne","12":"tag-sociu00e9tu00e9"},"share_on_mastodon":{"url":"","error":""},"_links":{"self":[{"href":"https:\/\/www.europesays.com\/africa\/wp-json\/wp\/v2\/posts\/13764","targetHints":{"allow":["GET"]}}],"collection":[{"href":"https:\/\/www.europesays.com\/africa\/wp-json\/wp\/v2\/posts"}],"about":[{"href":"https:\/\/www.europesays.com\/africa\/wp-json\/wp\/v2\/types\/post"}],"author":[{"embeddable":true,"href":"https:\/\/www.europesays.com\/africa\/wp-json\/wp\/v2\/users\/2"}],"replies":[{"embeddable":true,"href":"https:\/\/www.europesays.com\/africa\/wp-json\/wp\/v2\/comments?post=13764"}],"version-history":[{"count":0,"href":"https:\/\/www.europesays.com\/africa\/wp-json\/wp\/v2\/posts\/13764\/revisions"}],"wp:featuredmedia":[{"embeddable":true,"href":"https:\/\/www.europesays.com\/africa\/wp-json\/wp\/v2\/media\/13765"}],"wp:attachment":[{"href":"https:\/\/www.europesays.com\/africa\/wp-json\/wp\/v2\/media?parent=13764"}],"wp:term":[{"taxonomy":"category","embeddable":true,"href":"https:\/\/www.europesays.com\/africa\/wp-json\/wp\/v2\/categories?post=13764"},{"taxonomy":"post_tag","embeddable":true,"href":"https:\/\/www.europesays.com\/africa\/wp-json\/wp\/v2\/tags?post=13764"}],"curies":[{"name":"wp","href":"https:\/\/api.w.org\/{rel}","templated":true}]}}