{"id":13790,"date":"2026-01-09T18:33:06","date_gmt":"2026-01-09T18:33:06","guid":{"rendered":"https:\/\/www.europesays.com\/africa\/13790\/"},"modified":"2026-01-09T18:33:06","modified_gmt":"2026-01-09T18:33:06","slug":"pluies-localisees-quelles-conditions-meteo-prevoir-ce-9-janvier","status":"publish","type":"post","link":"https:\/\/www.europesays.com\/africa\/13790\/","title":{"rendered":"Pluies localis\u00e9es, quelles conditions m\u00e9t\u00e9o pr\u00e9voir ce 9 janvier ?"},"content":{"rendered":"<p class=\"firstp\">Le temps restera globalement agr\u00e9able ce vendredi 9 janvier 2026 sur l\u2019ensemble du territoire s\u00e9n\u00e9galais, selon les pr\u00e9visions publi\u00e9es par La <a href=\"https:\/\/www.senenews.com\/actualites\/meteo-du-senegal-ciel-nuageux-temperatures-en-baisse-et-faibles-chances-de-pluies_571812.html\" rel=\"nofollow noopener\" target=\"_blank\">M\u00e9t\u00e9o<\/a> de Riad. La journ\u00e9e sera toutefois marqu\u00e9e par une couverture nuageuse parfois dense et des \u00e9pisodes de pluie localis\u00e9s dans plusieurs r\u00e9gions.<\/p>\n<p>Qualit\u00e9 de l\u2019air<\/p>\n<p>La qualit\u00e9 de l\u2019air est annonc\u00e9e assez bonne en journ\u00e9e, avant de devenir moyenne en soir\u00e9e.\n<\/p>\n<p>Dakar et la Petite C\u00f4te<\/p>\n<p>Dans la r\u00e9gion de Dakar et sur la Petite C\u00f4te, le ciel sera majoritairement nuageux. Des pluies ou gouttes passag\u00e8res sont attendues par moments et par endroits, un sc\u00e9nario d\u00e9j\u00e0 observ\u00e9 ces derniers jours.<br \/>Les temp\u00e9ratures seront fra\u00eechement ressenties \u00e0 Dakar, tandis qu\u2019elles resteront agr\u00e9ables dans l\u2019apr\u00e8s-midi sur la Petite C\u00f4te.\n<\/p>\n<p>Autres r\u00e9gions du pays<\/p>\n<p>Plusieurs zones de l\u2019int\u00e9rieur conna\u00eetront un temps instable. Des pluies accompagn\u00e9es de coups de tonnerre sont pr\u00e9vues par moments et localement dans les r\u00e9gions de Thi\u00e8s, Diourbel, Louga, le nord de Matam, le nord de Fatick, ainsi que vers l\u2019est du d\u00e9partement de Podor.\n<\/p>\n<p>\u00c0 Saint-Louis, des passages nuageux sont annonc\u00e9s, tandis que le soleil sera plus pr\u00e9sent dans les autres r\u00e9gions du S\u00e9n\u00e9gal, notamment au sud du pays.\n<\/p>\n<p>Les temp\u00e9ratures maximales resteront agr\u00e9ables sur la moiti\u00e9 nord, gr\u00e2ce \u00e0 la couverture nuageuse, et plus chaudes sur la moiti\u00e9 sud, o\u00f9 l\u2019ensoleillement sera plus marqu\u00e9.\n<\/p>\n<p>\u00c9tat de la mer<\/p>\n<p>L\u2019oc\u00e9an est jug\u00e9 praticable pour les activit\u00e9s maritimes.<br \/>\u2022 Mar\u00e9e haute pr\u00e9vue vers 13h20 GMT<br \/>\u2022 Mar\u00e9e descendante dans l\u2019apr\u00e8s-midi<br \/>\u2022 Mar\u00e9e basse attendue vers 19h04 GMT<br \/>\u2022 Mar\u00e9e montante en soir\u00e9e<\/p>\n<p>Ces conditions m\u00e9t\u00e9orologiques<\/p>\n<p>accompagneront une journ\u00e9e plac\u00e9e sous le signe de la vigilance, mais aussi de l\u2019optimisme, \u00e0 l\u2019approche de la rencontre S\u00e9n\u00e9gal\u2013Mali pr\u00e9vue dans l\u2019apr\u00e8s-midi.<\/p>\n","protected":false},"excerpt":{"rendered":"Le temps restera globalement agr\u00e9able ce vendredi 9 janvier 2026 sur l\u2019ensemble du territoire s\u00e9n\u00e9galais, selon les pr\u00e9visions&hellip;\n","protected":false},"author":2,"featured_media":13791,"comment_status":"","ping_status":"","sticky":false,"template":"","format":"standard","meta":{"footnotes":""},"categories":[48],"tags":[393,159,163,239],"class_list":{"0":"post-13790","1":"post","2":"type-post","3":"status-publish","4":"format-standard","5":"has-post-thumbnail","7":"category-senegal","8":"tag-pluies","9":"tag-senegal","10":"tag-senegal-actualites","11":"tag-societe"},"share_on_mastodon":{"url":"","error":""},"_links":{"self":[{"href":"https:\/\/www.europesays.com\/africa\/wp-json\/wp\/v2\/posts\/13790","targetHints":{"allow":["GET"]}}],"collection":[{"href":"https:\/\/www.europesays.com\/africa\/wp-json\/wp\/v2\/posts"}],"about":[{"href":"https:\/\/www.europesays.com\/africa\/wp-json\/wp\/v2\/types\/post"}],"author":[{"embeddable":true,"href":"https:\/\/www.europesays.com\/africa\/wp-json\/wp\/v2\/users\/2"}],"replies":[{"embeddable":true,"href":"https:\/\/www.europesays.com\/africa\/wp-json\/wp\/v2\/comments?post=13790"}],"version-history":[{"count":0,"href":"https:\/\/www.europesays.com\/africa\/wp-json\/wp\/v2\/posts\/13790\/revisions"}],"wp:featuredmedia":[{"embeddable":true,"href":"https:\/\/www.europesays.com\/africa\/wp-json\/wp\/v2\/media\/13791"}],"wp:attachment":[{"href":"https:\/\/www.europesays.com\/africa\/wp-json\/wp\/v2\/media?parent=13790"}],"wp:term":[{"taxonomy":"category","embeddable":true,"href":"https:\/\/www.europesays.com\/africa\/wp-json\/wp\/v2\/categories?post=13790"},{"taxonomy":"post_tag","embeddable":true,"href":"https:\/\/www.europesays.com\/africa\/wp-json\/wp\/v2\/tags?post=13790"}],"curies":[{"name":"wp","href":"https:\/\/api.w.org\/{rel}","templated":true}]}}