{"id":13792,"date":"2026-01-09T18:34:08","date_gmt":"2026-01-09T18:34:08","guid":{"rendered":"https:\/\/www.europesays.com\/africa\/13792\/"},"modified":"2026-01-09T18:34:08","modified_gmt":"2026-01-09T18:34:08","slug":"les-avocats-prevoient-une-marche-nationale-apres-ladoption-de-la-reforme-contestee","status":"publish","type":"post","link":"https:\/\/www.europesays.com\/africa\/13792\/","title":{"rendered":"les avocats pr\u00e9voient une marche nationale apr\u00e8s l&#8217;adoption de la r\u00e9forme contest\u00e9e"},"content":{"rendered":"<p>\t\t <br class=\"texte clear\" \/><\/p>\n<p>\t\t <br class=\"texte clear\" \/><\/p>\n<p>R\u00e9dig\u00e9 par L&#8217;Opinion Vendredi 9 Janvier 2026<\/p>\n<p>\t\t\t\t Le Bureau de l\u2019Association des barreaux du Maroc a annonc\u00e9 une s\u00e9rie de mesures de mobilisation en r\u00e9action \u00e0 l\u2019adoption par le gouvernement du projet de loi relatif \u00e0 la profession d\u2019avocat, d\u00e9non\u00e7ant une d\u00e9marche jug\u00e9e unilat\u00e9rale et non concert\u00e9e. D\u00e9tails. <\/p>\n<p>\t\t <br class=\"texte clear\" \/><\/p>\n<p>\t\t <br id=\"sep_para_1\" class=\"sep_para access\" \/><\/p>\n<p>\t\t\t\t <a href=\"https:\/\/www.lopinion.ma\/javascript:void(0)\" rel=\"https:\/\/www.europesays.com\/africa\/wp-content\/uploads\/2026\/01\/93612790-65400550.jpg&amp;ibox nofollow noopener\" title=\"Profession d\u2019avocat : les avocats pr\u00e9voient une marche nationale apr\u00e8s l&#039;adoption de la r\u00e9forme contest\u00e9e\" target=\"_blank\"><img decoding=\"async\" class=\"responsive\" style=\"display:none\" src=\"https:\/\/www.europesays.com\/africa\/wp-content\/uploads\/2026\/01\/93612790-65400550.jpg\" alt=\"Profession d\u2019avocat : les avocats pr\u00e9voient une marche nationale apr\u00e8s l'adoption de la r\u00e9forme contest\u00e9e\" title=\"Profession d\u2019avocat : les avocats pr\u00e9voient une marche nationale apr\u00e8s l'adoption de la r\u00e9forme contest\u00e9e\" \/><br \/>\n<img decoding=\"async\" class=\"not-responsive\" src=\"https:\/\/www.europesays.com\/africa\/wp-content\/uploads\/2026\/01\/1767983648_212_93612790-65400550.jpg\" alt=\"Profession d\u2019avocat : les avocats pr\u00e9voient une marche nationale apr\u00e8s l'adoption de la r\u00e9forme contest\u00e9e\" title=\"Profession d\u2019avocat : les avocats pr\u00e9voient une marche nationale apr\u00e8s l'adoption de la r\u00e9forme contest\u00e9e\" width=\"688\" \/><\/a><\/p>\n<p>\t\t\t\t\t R\u00e9uni en session ouverte \u00e0 son si\u00e8ge \u00e0 Rabat, le Bureau de l\u2019Association a fait part de son rejet de projet de loi adopt\u00e9\u00a0par l\u2019Ex\u00e9cutif, estimant que le minist\u00e8re de la Justice n&#8217;a pas respect\u00e9\u00a0l\u2019approche participative convenue lors des discussions pr\u00e9alables.\u00a0 <\/p>\n<p>Dans un communiqu\u00e9, l&#8217;ABAM\u00a0rejette ce qu&#8217;elle qualifie de\u00a0&#8220;fait accompli&#8221; annonc\u00e9 une s\u00e9rie d&#8217;actes de protestation.\u00a0 <br \/>\u00a0 <br \/>Il a \u00e9t\u00e9 d\u00e9cid\u00e9 d&#8217;organiser,\u00a0\u00a0le 15 janvier 2026 \u00e0 Rabat,\u00a0un colloque national consacr\u00e9 au projet de\u00a0loi contest\u00e9. En parall\u00e8le, les robes\u00a0 noires s&#8217;appr\u00eatent \u00e0 cesser totalement leurs services\u00a0professionnels du\u00a0 15 au 16 janvier, puis du 20 au 21 janvier, ainsi que les mercredi et jeudi 28 et 29 janvier 2026. <br \/>\u00a0 <br \/>A cela s&#8217;ajoute une manifestation nationale dont la date et le lieu seront communiqu\u00e9s ult\u00e9rieurement. L&#8217;association\u00a0appelle\u00a0l\u2019ensemble des avocats \u00e0 se tenir pr\u00eats \u00e0 un arr\u00eat g\u00e9n\u00e9ral et prolong\u00e9 de l\u2019activit\u00e9 professionnelle, conform\u00e9ment aux d\u00e9cisions qui pourraient \u00eatre prises ult\u00e9rieurement par ses instances.<\/p>\n<p>\t\t <br class=\"texte clear\" \/><\/p>\n<p>\t\t <\/p>\n","protected":false},"excerpt":{"rendered":"R\u00e9dig\u00e9 par L&#8217;Opinion Vendredi 9 Janvier 2026 Le Bureau de l\u2019Association des barreaux du Maroc a annonc\u00e9 une&hellip;\n","protected":false},"author":2,"featured_media":13793,"comment_status":"","ping_status":"","sticky":false,"template":"","format":"standard","meta":{"footnotes":""},"categories":[41],"tags":[554,553,555,556,563,565,560,567,561,557,162,566,564,558,559,158,562,248,239,310,568],"class_list":{"0":"post-13792","1":"post","2":"type-post","3":"status-publish","4":"format-standard","5":"has-post-thumbnail","7":"category-maroc","8":"tag-actualites","9":"tag-actualites-et-infos-au-maroc","10":"tag-actualites-et-infos-mondiale","11":"tag-actualites-marocaines-du-jour","12":"tag-alimentation","13":"tag-analyses","14":"tag-art-de-vivre","15":"tag-chronique","16":"tag-consommation-et-bien-etre","17":"tag-culture","18":"tag-economie","19":"tag-edito","20":"tag-etudes","21":"tag-insolite","22":"tag-loisirs","23":"tag-maroc","24":"tag-mode","25":"tag-politique","26":"tag-societe","27":"tag-sport","28":"tag-tribune"},"share_on_mastodon":{"url":"","error":""},"_links":{"self":[{"href":"https:\/\/www.europesays.com\/africa\/wp-json\/wp\/v2\/posts\/13792","targetHints":{"allow":["GET"]}}],"collection":[{"href":"https:\/\/www.europesays.com\/africa\/wp-json\/wp\/v2\/posts"}],"about":[{"href":"https:\/\/www.europesays.com\/africa\/wp-json\/wp\/v2\/types\/post"}],"author":[{"embeddable":true,"href":"https:\/\/www.europesays.com\/africa\/wp-json\/wp\/v2\/users\/2"}],"replies":[{"embeddable":true,"href":"https:\/\/www.europesays.com\/africa\/wp-json\/wp\/v2\/comments?post=13792"}],"version-history":[{"count":0,"href":"https:\/\/www.europesays.com\/africa\/wp-json\/wp\/v2\/posts\/13792\/revisions"}],"wp:featuredmedia":[{"embeddable":true,"href":"https:\/\/www.europesays.com\/africa\/wp-json\/wp\/v2\/media\/13793"}],"wp:attachment":[{"href":"https:\/\/www.europesays.com\/africa\/wp-json\/wp\/v2\/media?parent=13792"}],"wp:term":[{"taxonomy":"category","embeddable":true,"href":"https:\/\/www.europesays.com\/africa\/wp-json\/wp\/v2\/categories?post=13792"},{"taxonomy":"post_tag","embeddable":true,"href":"https:\/\/www.europesays.com\/africa\/wp-json\/wp\/v2\/tags?post=13792"}],"curies":[{"name":"wp","href":"https:\/\/api.w.org\/{rel}","templated":true}]}}