{"id":13844,"date":"2026-01-09T19:17:11","date_gmt":"2026-01-09T19:17:11","guid":{"rendered":"https:\/\/www.europesays.com\/africa\/13844\/"},"modified":"2026-01-09T19:17:11","modified_gmt":"2026-01-09T19:17:11","slug":"can-maroc-cameroun-dabord-exile-puis-sans-contrat-pagou-lhistoire-de-fou","status":"publish","type":"post","link":"https:\/\/www.europesays.com\/africa\/13844\/","title":{"rendered":"CAN &#8211; Maroc &#8211; Cameroun &#8211; D\u2019abord exil\u00e9 puis sans contrat : Pagou, l\u2019histoire de fou"},"content":{"rendered":"<p class=\"typo-tk-rs-caption-xs\">Pagou : &#8220;On a toujours envie d&#8217;approcher la perfection&#8221;<\/p>\n<p class=\"typo-tk-rs-caption-xs\">Video credit: Eurosport<\/p>\n<p>David Pagou n\u2019est pas le s\u00e9lectionneur du Cameroun. Ou en tout cas, pas dans les textes. Aujourd\u2019hui, il n\u2019a pas de contrat de travail et son pr\u00e9d\u00e9cesseur, vir\u00e9 manu militari par Samuel Eto\u2019o, le pr\u00e9sident de la F\u00e9d\u00e9ration camerounaise, assure, lui, toujours \u00eatre en charge\u00a0apr\u00e8s avoir pouss\u00e9 le bouchon jusqu\u2019\u00e0 donner sa liste pour la CAN : \u00a0&#8220;Je me consid\u00e8re toujours comme s\u00e9lectionneur du Cameroun, car je n\u2019ai pas \u00e9t\u00e9 licenci\u00e9, a fait savoir Marc Brys cette semaine dans une interview accord\u00e9e \u00e0 Sporza. La f\u00e9d\u00e9ration n\u2019a pas le droit de me renvoyer, m\u00eame si elle a essay\u00e9 \u00e0 plusieurs reprises.&#8221; Donc voil\u00e0 un homme, Pagou, nomm\u00e9 trois semaines avant le d\u00e9but de la comp\u00e9tition, sans contrat, sans exp\u00e9rience internationale, devenu le h\u00e9ros du pays.<\/p>\n<p>L\u2019histoire n\u2019est pas commune mais le sans-grade, qui n\u2019avait jusqu\u2019ici entra\u00een\u00e9 que des clubs du pays, se retrouve propuls\u00e9 \u00e0 une place peu enviable et fait le job. A la t\u00eate de l\u2019une des s\u00e9lections les plus faibles du Cameroun depuis quelques d\u00e9cennies, il ne r\u00e9ussit l\u00e0 o\u00f9 personne n\u2019attendait rien. Des victoires contre le Gabon et le Mozambique, un nul contre la C\u00f4te d\u2019Ivoire, le tenant du titre, et une qualification pour les quarts apr\u00e8s avoir sorti l\u2019Afrique du Sud. Vu comme \u00e7a, le Cameroun, naturellement favori de chaque \u00e9dition, vit une CAN comme les autres.<\/p>\n<p>Exit Aboubakar et Onana<\/p>\n<p>C\u2019est tout le m\u00e9rite de David Pagou, petite main du foot camerounais avant d\u2019\u00eatre adjoint de Brys sur le prestigieux banc des Lions, qui a su f\u00e9d\u00e9rer en un temps record autour de lui.\u00a0 Le succ\u00e8s inattendu des Lions Indomptables est d\u2019abord le sien. D\u2019abord parce qu\u2019il a pris des d\u00e9cisions fortes en se passant des trois stars de la s\u00e9lection\u00a0: Eric Choupo-Moting, Vincent Aboubakar et Andr\u00e9 Onana.<\/p>\n<p><img decoding=\"async\" class=\"text-transparent h-full w-full object-cover\" src=\"https:\/\/www.europesays.com\/africa\/wp-content\/uploads\/2026\/01\/image-4058f457-f354-49b2-aa5f-cc644965ed72-85-2560-1440.jpeg\" alt=\"picture\" data-testid=\"image-high-res\"\/><\/p>\n<p class=\"typo-tk-rs-caption-xs\">David Pagou<\/p>\n<p class=\"typo-tk-rs-caption-xs\">Cr\u00e9dit: Getty Images<\/p>\n<p>Un trio qui figurait dans les listes de Marc Brys jusqu\u2019\u00e0 son \u00e9viction. Pagou ne s\u2019est pas content\u00e9 de prendre les commandes, il a aussi fait un sacr\u00e9 m\u00e9nage et donn\u00e9 une nouvelle allure aux quintuples champions d\u2019Afrique. Il n\u2019a pas choisi les meilleures individualit\u00e9s mais les plus investies, selon lui, pour la mission d\u00e9licate \u00e0 accomplir au Maroc \u00e0 savoir ne pas \u00eatre ridicule et tenir le rang des v\u00e9n\u00e9rables Lions Indomptables. Quoiqu\u2019il arrive d\u00e9sormais face au Maroc en quart, la mission est accomplie.<\/p>\n<p>Quand vous me regardez, est-ce que je ressemble \u00e0 quelqu\u2019un qui est frustr\u00e9 <\/p>\n<p>Contrat, pas contrat, Brys qui ne l\u00e2che pas le manche, temp\u00eate m\u00e9diatique\u2026 Pagou a surf\u00e9 sur les pol\u00e9miques avec la sagesse et la tranquillit\u00e9 qu\u2019il manquait \u00e0 la s\u00e9lection\u00a0: &#8220;Mon absence de contrat\u00a0? Quand vous me regardez, est-ce que je ressemble \u00e0 quelqu\u2019un qui est frustr\u00e9 ? Non, je suis dans ma bulle. Tant que les Camerounais sont fiers de ce que nous faisons, ce sont des d\u00e9tails qui ne me perturbent nulle part.&#8221; Il faut dire qu\u2019il en a vu d\u2019autre.<\/p>\n<p><img decoding=\"async\" class=\"text-transparent h-full w-full object-cover\" src=\"https:\/\/www.europesays.com\/africa\/wp-content\/uploads\/2026\/01\/1767986231_272_image-2efbf58d-d22b-4296-b5c9-8c9f57d6646e-85-2560-1440.jpeg\" alt=\"picture\" data-testid=\"image-high-res\"\/><\/p>\n<p class=\"typo-tk-rs-caption-xs\">Le Cameroun l&#8217;emporte contre l&#8217;Afrique du Sud \u00e0 la CAN<\/p>\n<p class=\"typo-tk-rs-caption-xs\">Cr\u00e9dit: Getty Images<\/p>\n<p>Lorsqu\u2019il fut nomm\u00e9 adjoint de Marc Brys en mai 2024, il fut le grand sacrifi\u00e9 de la guerre qui opposait alors Samuel Eto\u2019o et le Ministre des Sports, Narcisse Mouelle Kombi. La F\u00e9d\u00e9 l\u2019a nomm\u00e9 et 24 heures plus tard, Pagou, fonctionnaire de l\u2019Etat, \u00e9tait mut\u00e9 dans un petit village \u00e0 deux jours de route de Yaound\u00e9, <a class=\"typo-tk-rs-body-md focus-visible:text-focused-text-fill-01 focus-visible:bg-focused-surface-fill-01 hover:underline focus-visible:outline-none text-content-block-default-text-fill-04 hover:text-content-block-default-text-fill-01 active:text-content-block-default-text-fill-03\" target=\"_blank\" rel=\"noopener nofollow\" href=\"https:\/\/www.lequipe.fr\/Football\/Article\/David-pagou-le-pompier-de-secours-promu-par-samuel-eto-o-juste-avant-la-can-et-deja-devenu-la-coqueluche-du-cameroun\/1630284\" data-testid=\"body-hyper-link\">comme l&#8217;a racont\u00e9 L&#8217;Equipe<\/a>. Le Minist\u00e8re a refus\u00e9 de le payer durant six mois. <\/p>\n<p>Mais, toujours soutenu par Eto\u2019o, ce fils de colonel n\u2019a pas fait de vague, tenu bon jusqu\u2019\u00e0 devenir, un an et demi plus tard, et \u00e0 la surprise g\u00e9n\u00e9rale, le patron. Son ascension, il ne la doit qu\u2019\u00e0 un homme\u00a0: &#8220;D\u00e8s le d\u00e9but, Eto\u2019o m\u2019a fait confiance. Il a insist\u00e9, m\u00eame quand c\u2019\u00e9tait dur et que j\u2019ai failli baisser les bras.&#8221; L\u2019ancien buteur de l\u2019Inter Milan et du Bar\u00e7a, qui n\u2019a pas fait que du bien \u00e0 sa s\u00e9lection depuis sa prise de fonction, a eu, cette fois, le nez creux.<\/p>\n","protected":false},"excerpt":{"rendered":"Pagou : &#8220;On a toujours envie d&#8217;approcher la perfection&#8221; Video credit: Eurosport David Pagou n\u2019est pas le s\u00e9lectionneur&hellip;\n","protected":false},"author":2,"featured_media":13845,"comment_status":"","ping_status":"","sticky":false,"template":"","format":"standard","meta":{"footnotes":""},"categories":[62],"tags":[988,64,311],"class_list":{"0":"post-13844","1":"post","2":"type-post","3":"status-publish","4":"format-standard","5":"has-post-thumbnail","7":"category-afrique","8":"tag-africa-cup-of-nations-2025","9":"tag-afrique","10":"tag-football"},"share_on_mastodon":{"url":"","error":""},"_links":{"self":[{"href":"https:\/\/www.europesays.com\/africa\/wp-json\/wp\/v2\/posts\/13844","targetHints":{"allow":["GET"]}}],"collection":[{"href":"https:\/\/www.europesays.com\/africa\/wp-json\/wp\/v2\/posts"}],"about":[{"href":"https:\/\/www.europesays.com\/africa\/wp-json\/wp\/v2\/types\/post"}],"author":[{"embeddable":true,"href":"https:\/\/www.europesays.com\/africa\/wp-json\/wp\/v2\/users\/2"}],"replies":[{"embeddable":true,"href":"https:\/\/www.europesays.com\/africa\/wp-json\/wp\/v2\/comments?post=13844"}],"version-history":[{"count":0,"href":"https:\/\/www.europesays.com\/africa\/wp-json\/wp\/v2\/posts\/13844\/revisions"}],"wp:featuredmedia":[{"embeddable":true,"href":"https:\/\/www.europesays.com\/africa\/wp-json\/wp\/v2\/media\/13845"}],"wp:attachment":[{"href":"https:\/\/www.europesays.com\/africa\/wp-json\/wp\/v2\/media?parent=13844"}],"wp:term":[{"taxonomy":"category","embeddable":true,"href":"https:\/\/www.europesays.com\/africa\/wp-json\/wp\/v2\/categories?post=13844"},{"taxonomy":"post_tag","embeddable":true,"href":"https:\/\/www.europesays.com\/africa\/wp-json\/wp\/v2\/tags?post=13844"}],"curies":[{"name":"wp","href":"https:\/\/api.w.org\/{rel}","templated":true}]}}