{"id":13865,"date":"2026-01-09T19:32:07","date_gmt":"2026-01-09T19:32:07","guid":{"rendered":"https:\/\/www.europesays.com\/africa\/13865\/"},"modified":"2026-01-09T19:32:07","modified_gmt":"2026-01-09T19:32:07","slug":"le-senegal-domine-le-mali-et-se-qualifie-pour-les-demi-finales","status":"publish","type":"post","link":"https:\/\/www.europesays.com\/africa\/13865\/","title":{"rendered":"le S\u00e9n\u00e9gal domine le Mali et se qualifie pour les demi-finales"},"content":{"rendered":"<p>Mali &#8211; S\u00e9n\u00e9gal<\/p>\n<p>0-1<\/p>\n<p>Le premier qualifi\u00e9 pour les demi-finales de la Coupe d&#8217;Afrique des nations 2026 est connu. Vainqueur avec la plus petite des marges (1-0) du Mali vendredi soir \u00e0 Tanger, le S\u00e9n\u00e9gal s&#8217;est en effet hiss\u00e9 dans le dernier carr\u00e9 de la comp\u00e9tition.<\/p>\n<p>Un but d&#8217;Iliman Ndiaye (1-0, 27e) a suffi pour assurer une septi\u00e8me apparition dans le dernier carr\u00e9 de la CAN aux S\u00e9n\u00e9galais, la troisi\u00e8me en quatre \u00e9ditions. En face, les Aigles du Belge Tom Saintfiet ont encore \u00e9t\u00e9 trahis par leur indiscipline. Leur capitaine Yves Bissouma a ainsi \u00e9t\u00e9 exclu juste avant la mi-temps pour un deuxi\u00e8me avertissement apr\u00e8s un tacle en retard sur Idrissa Gana Gueye (45e+3).<\/p>\n<p>C&#8217;est la troisi\u00e8me fois de la comp\u00e9tition qu&#8217;un Malien est exclu. Le n\u00e9o-Lensois Amadou Ha\u00efdara avait re\u00e7u un rouge en fin de match contre les Comores (0-0) en poules, et Woyo Coulibaly avait laiss\u00e9 ses co\u00e9quipiers \u00e0 dix d\u00e8s la 27e minute <a href=\"https:\/\/www.ledauphine.com\/sport\/2026\/01\/03\/can-le-senegal-premier-qualifie-pour-les-quarts-le-titi-parisien-mbaye-a-encore-marque\" target=\"_blank\" rel=\"nofollow noopener\">en 8e de finale contre la Tunisie (1-1, 3-2 aux t.a.b.)<\/a>.<\/p>\n<p>Un carton rouge qui co\u00fbte cher<\/p>\n<p>Les deux premi\u00e8res fois, l&#8217;exclusion n&#8217;avait pas eu de cons\u00e9quence, mais la d\u00e9fection du capitaine \u00e9tait cette fois le coup de trop pour l&#8217;\u00e9quipe de Saintfiet, qui n&#8217;avait fait que des matches nuls depuis le d\u00e9but de la comp\u00e9tition et n&#8217;y a marqu\u00e9 que trois buts, tous par l&#8217;Auxerrois Lassine Sinayoko.<\/p>\n<p>Les Aigles ont \u00e9t\u00e9 trahis sur le but par un autre cadre, le gardien Djigui Diarra, qui a laiss\u00e9 filer sous son ventre un centre de Kr\u00e9pin Diatta, repris par l&#8217;ancien Marseillais Ilimane Ndiaye. Le gardien du club tanzanien des Young Africans a pourtant retrouv\u00e9 le mojo ensuite,\u00a0r\u00e9alisant\u00a0des parades superbes face \u00e0 Sadio Man\u00e9 (66e, 90e+6) et Path\u00e9 Ciss (67e, 76e),\u00a0d\u00e9tournant une frappe de Malick Diouf sur la barre (45e+1) et une de Lamine Camara sur le poteau (90e+2). Mais le mal \u00e9tait fait.<\/p>\n<p>  Le S\u00e9n\u00e9gal tr\u00e8s rarement inqui\u00e9t\u00e9<\/p>\n<p>R\u00e9duits \u00e0 dix et men\u00e9s, les Maliens ont d\u00fb changer leur plan de jeu et tenter des attaques plac\u00e9es, alors qu&#8217;ils avaient mis\u00e9 sur le contre. Mais il n&#8217;ont que rarement pris en d\u00e9faut la d\u00e9fense \u00e0 nouveau dirig\u00e9e par le capitaine Kalidou Koulibaly, auteur d&#8217;un retour plein d&#8217;autorit\u00e9 pour sa 101e s\u00e9lection apr\u00e8s un match de suspension.<\/p>\n<p>Le gardien Edouard Mendy, un des autres trentenaires des Lions avec Man\u00e9 et Gana Gueye, a lui aussi assur\u00e9 en intervenant sur l&#8217;action la plus dangereuse des Aigles, face \u00e0 Abdoulaye Diaby (57e). Jamais trop s\u00e9rieusement menac\u00e9 ensuite, <a href=\"https:\/\/www.ledauphine.com\/sport\/2025\/12\/05\/coupe-du-monde-2026-la-france-avec-le-senegal-la-norvege-et-un-barragiste-dans-le-groupe-i\" target=\"_blank\" rel=\"nofollow noopener\">le S\u00e9n\u00e9gal, que la France croisera pour son premier match \u00e0 la Coupe du monde 2026, le 16 juin<\/a>, a tenu le coup malgr\u00e9 le rush final des dix Aigles qui restaient sur la pelouse.<\/p>\n<p>Les Lions de la Teranga, sacr\u00e9s champions d&#8217;Afrique 2021, affronteront mercredi la C\u00f4te d&#8217;Ivoire tenante du titre ou l&#8217;\u00c9gypte, selon l&#8217;identit\u00e9 du vainqueur du dernier quart de finale, ce samedi (20 heures).<\/p>\n","protected":false},"excerpt":{"rendered":"Mali &#8211; S\u00e9n\u00e9gal 0-1 Le premier qualifi\u00e9 pour les demi-finales de la Coupe d&#8217;Afrique des nations 2026 est&hellip;\n","protected":false},"author":2,"featured_media":13866,"comment_status":"","ping_status":"","sticky":false,"template":"","format":"standard","meta":{"footnotes":""},"categories":[62],"tags":[64,295,311,310,3062],"class_list":{"0":"post-13865","1":"post","2":"type-post","3":"status-publish","4":"format-standard","5":"has-post-thumbnail","7":"category-afrique","8":"tag-afrique","9":"tag-fil-info","10":"tag-football","11":"tag-sport","12":"tag-sport-national"},"share_on_mastodon":{"url":"","error":""},"_links":{"self":[{"href":"https:\/\/www.europesays.com\/africa\/wp-json\/wp\/v2\/posts\/13865","targetHints":{"allow":["GET"]}}],"collection":[{"href":"https:\/\/www.europesays.com\/africa\/wp-json\/wp\/v2\/posts"}],"about":[{"href":"https:\/\/www.europesays.com\/africa\/wp-json\/wp\/v2\/types\/post"}],"author":[{"embeddable":true,"href":"https:\/\/www.europesays.com\/africa\/wp-json\/wp\/v2\/users\/2"}],"replies":[{"embeddable":true,"href":"https:\/\/www.europesays.com\/africa\/wp-json\/wp\/v2\/comments?post=13865"}],"version-history":[{"count":0,"href":"https:\/\/www.europesays.com\/africa\/wp-json\/wp\/v2\/posts\/13865\/revisions"}],"wp:featuredmedia":[{"embeddable":true,"href":"https:\/\/www.europesays.com\/africa\/wp-json\/wp\/v2\/media\/13866"}],"wp:attachment":[{"href":"https:\/\/www.europesays.com\/africa\/wp-json\/wp\/v2\/media?parent=13865"}],"wp:term":[{"taxonomy":"category","embeddable":true,"href":"https:\/\/www.europesays.com\/africa\/wp-json\/wp\/v2\/categories?post=13865"},{"taxonomy":"post_tag","embeddable":true,"href":"https:\/\/www.europesays.com\/africa\/wp-json\/wp\/v2\/tags?post=13865"}],"curies":[{"name":"wp","href":"https:\/\/api.w.org\/{rel}","templated":true}]}}