{"id":13871,"date":"2026-01-09T19:35:07","date_gmt":"2026-01-09T19:35:07","guid":{"rendered":"https:\/\/www.europesays.com\/africa\/13871\/"},"modified":"2026-01-09T19:35:07","modified_gmt":"2026-01-09T19:35:07","slug":"agressions-en-mode-simol-la-reponse-du-lutteur-siteu-au","status":"publish","type":"post","link":"https:\/\/www.europesays.com\/africa\/13871\/","title":{"rendered":"Agressions en mode \u00absimol \u00bb : La r\u00e9ponse du lutteur Siteu au&#8230;"},"content":{"rendered":"<p>Le lutteur Moustapha Senghor alias &#8220;Siteu&#8221; a exprim\u00e9 sa frustration par rapport \u00e0 la d\u00e9cision du gouvernement s\u00e9n\u00e9galais qui indexe particuli\u00e8rement la lutte s\u00e9n\u00e9galaise sur le ph\u00e9nom\u00e8ne des agressions en mode &#8220;simol&#8221;.<\/p>\n<p> Revenant sur les faits, le ministre de l\u2019Int\u00e9rieur, Mouhamadou Bamba Ciss\u00e9, a pris la ferme d\u00e9cision de sanctionner, si n\u00e9cessaire, les acteurs de la lutte s\u00e9n\u00e9galaise (&#8220;lamb&#8221;), \u00e0 la suite des nombreux cas d\u2019ins\u00e9curit\u00e9 dus au \u00ab simol \u00bb. Ce ph\u00e9nom\u00e8ne qui consiste \u00e0 agresser ou \u00e0 racketter en masse ne restera d\u00e9sormais plus impuni, d\u2019apr\u00e8s le premier filc du pays.<\/p>\n<p>Une d\u00e9cision salu\u00e9e en partie par le lutteur. Car, selon le fils de la banlieue, il serait injuste de cibler partiellement la lutte en omettant les autres \u00e9v\u00e9nements de grande envergure comme les matches navetanes ou certains \u00e9v\u00e9nements religieux.<\/p>\n<p>Le lutteur a condamn\u00e9 par la m\u00eame occasion le ch\u00f4mage des jeunes, bern\u00e9s par les promesses politiciennes.<\/p>\n<p>Auteur: SenewebNews<br \/>Publi\u00e9 le: Vendredi 09 Janvier 2026\n\t\t\t\t\t\t\t<\/p>\n","protected":false},"excerpt":{"rendered":"Le lutteur Moustapha Senghor alias &#8220;Siteu&#8221; a exprim\u00e9 sa frustration par rapport \u00e0 la d\u00e9cision du gouvernement s\u00e9n\u00e9galais&hellip;\n","protected":false},"author":2,"featured_media":13872,"comment_status":"","ping_status":"","sticky":false,"template":"","format":"standard","meta":{"footnotes":""},"categories":[48],"tags":[9364,9365,9363,159,9362],"class_list":{"0":"post-13871","1":"post","2":"type-post","3":"status-publish","4":"format-standard","5":"has-post-thumbnail","7":"category-senegal","8":"tag-agressions-en-mode-simol","9":"tag-gouvernement-senegalais","10":"tag-lutte-senegalaise","11":"tag-senegal","12":"tag-siteu"},"share_on_mastodon":{"url":"","error":""},"_links":{"self":[{"href":"https:\/\/www.europesays.com\/africa\/wp-json\/wp\/v2\/posts\/13871","targetHints":{"allow":["GET"]}}],"collection":[{"href":"https:\/\/www.europesays.com\/africa\/wp-json\/wp\/v2\/posts"}],"about":[{"href":"https:\/\/www.europesays.com\/africa\/wp-json\/wp\/v2\/types\/post"}],"author":[{"embeddable":true,"href":"https:\/\/www.europesays.com\/africa\/wp-json\/wp\/v2\/users\/2"}],"replies":[{"embeddable":true,"href":"https:\/\/www.europesays.com\/africa\/wp-json\/wp\/v2\/comments?post=13871"}],"version-history":[{"count":0,"href":"https:\/\/www.europesays.com\/africa\/wp-json\/wp\/v2\/posts\/13871\/revisions"}],"wp:featuredmedia":[{"embeddable":true,"href":"https:\/\/www.europesays.com\/africa\/wp-json\/wp\/v2\/media\/13872"}],"wp:attachment":[{"href":"https:\/\/www.europesays.com\/africa\/wp-json\/wp\/v2\/media?parent=13871"}],"wp:term":[{"taxonomy":"category","embeddable":true,"href":"https:\/\/www.europesays.com\/africa\/wp-json\/wp\/v2\/categories?post=13871"},{"taxonomy":"post_tag","embeddable":true,"href":"https:\/\/www.europesays.com\/africa\/wp-json\/wp\/v2\/tags?post=13871"}],"curies":[{"name":"wp","href":"https:\/\/api.w.org\/{rel}","templated":true}]}}