{"id":13951,"date":"2026-01-09T20:35:07","date_gmt":"2026-01-09T20:35:07","guid":{"rendered":"https:\/\/www.europesays.com\/africa\/13951\/"},"modified":"2026-01-09T20:35:07","modified_gmt":"2026-01-09T20:35:07","slug":"trois-deputes-exigent-laudition-du-patron-de-larp","status":"publish","type":"post","link":"https:\/\/www.europesays.com\/africa\/13951\/","title":{"rendered":"Trois d\u00e9put\u00e9s exigent l\u2019audition du patron de l\u2019ARP"},"content":{"rendered":"<p style=\"text-align: justify;\">Trois d\u00e9put\u00e9s de la XV\u00e8me L\u00e9gislature de l\u2019Assembl\u00e9e nationale du S\u00e9n\u00e9gal ont adress\u00e9 une demande officielle \u00e0 la pr\u00e9sidente de la Commission de la Sant\u00e9, de la Population, des Affaires sociales et de la Solidarit\u00e9 nationale pour faire la lumi\u00e8re \u00a0sur \u00a0la situation \u00e0 l\u2019Agence s\u00e9n\u00e9galaise de R\u00e9glementation Pharmaceutique (ARP) surtout depuis l&#8217;\u00e9clatement de l&#8217;affaire dite SOFTCARE.\u00a0 <\/p>\n<p style=\"text-align: justify;\">\u00a0 <\/p>\n<p style=\"text-align: justify;\">Dans leur courrier officiel dat\u00e9 du 17 novembre 2025 et enregistr\u00e9 le 9 janvier 2026,\u00a0cosign\u00e9 et transmise\u00a0au Ministre de la Sant\u00e9 et de l\u2019Hygi\u00e8ne Publique,\u00a0les\u00a0d\u00e9put\u00e9s Elhadji Ousmane Fall, Ousmane Diop et Ousmane Ciss\u00a0demandent formellement \u00e0 auditionner le Directeur G\u00e9n\u00e9ral de l\u2019Agence s\u00e9n\u00e9galaise de R\u00e9glementation Pharmaceutique (ARP) sur les dysfonctionnements relev\u00e9s au sein de ladite agence.\u00a0 <\/p>\n","protected":false},"excerpt":{"rendered":"Trois d\u00e9put\u00e9s de la XV\u00e8me L\u00e9gislature de l\u2019Assembl\u00e9e nationale du S\u00e9n\u00e9gal ont adress\u00e9 une demande officielle \u00e0 la&hellip;\n","protected":false},"author":2,"featured_media":13952,"comment_status":"","ping_status":"","sticky":false,"template":"","format":"standard","meta":{"footnotes":""},"categories":[48],"tags":[64,274,279,273,277,278,271,281,283,272,280,276,275,159,282],"class_list":{"0":"post-13951","1":"post","2":"type-post","3":"status-publish","4":"format-standard","5":"has-post-thumbnail","7":"category-senegal","8":"tag-afrique","9":"tag-aliou-cisse","10":"tag-amadou-ba","11":"tag-apr","12":"tag-bassirou-diomaye-faye","13":"tag-bathelemy-dias","14":"tag-dakar","15":"tag-el-malick-ndiaye","16":"tag-guy-marius-sagna","17":"tag-macky-sall","18":"tag-madiambal-diagne","19":"tag-ousmane-sonko","20":"tag-pastef","21":"tag-senegal","22":"tag-ziguinchor"},"share_on_mastodon":{"url":"","error":""},"_links":{"self":[{"href":"https:\/\/www.europesays.com\/africa\/wp-json\/wp\/v2\/posts\/13951","targetHints":{"allow":["GET"]}}],"collection":[{"href":"https:\/\/www.europesays.com\/africa\/wp-json\/wp\/v2\/posts"}],"about":[{"href":"https:\/\/www.europesays.com\/africa\/wp-json\/wp\/v2\/types\/post"}],"author":[{"embeddable":true,"href":"https:\/\/www.europesays.com\/africa\/wp-json\/wp\/v2\/users\/2"}],"replies":[{"embeddable":true,"href":"https:\/\/www.europesays.com\/africa\/wp-json\/wp\/v2\/comments?post=13951"}],"version-history":[{"count":0,"href":"https:\/\/www.europesays.com\/africa\/wp-json\/wp\/v2\/posts\/13951\/revisions"}],"wp:featuredmedia":[{"embeddable":true,"href":"https:\/\/www.europesays.com\/africa\/wp-json\/wp\/v2\/media\/13952"}],"wp:attachment":[{"href":"https:\/\/www.europesays.com\/africa\/wp-json\/wp\/v2\/media?parent=13951"}],"wp:term":[{"taxonomy":"category","embeddable":true,"href":"https:\/\/www.europesays.com\/africa\/wp-json\/wp\/v2\/categories?post=13951"},{"taxonomy":"post_tag","embeddable":true,"href":"https:\/\/www.europesays.com\/africa\/wp-json\/wp\/v2\/tags?post=13951"}],"curies":[{"name":"wp","href":"https:\/\/api.w.org\/{rel}","templated":true}]}}