{"id":1396,"date":"2026-01-03T23:14:13","date_gmt":"2026-01-03T23:14:13","guid":{"rendered":"https:\/\/www.europesays.com\/africa\/1396\/"},"modified":"2026-01-03T23:14:13","modified_gmt":"2026-01-03T23:14:13","slug":"intemperies-a-essaouira-mobilisation-continue-pour-levacuation-des-eaux-pluviales","status":"publish","type":"post","link":"https:\/\/www.europesays.com\/africa\/1396\/","title":{"rendered":"Intemp\u00e9ries \u00e0 Essaouira: mobilisation continue pour l\u2019\u00e9vacuation des eaux pluviales"},"content":{"rendered":"<p class=\"default__StyledText-sc-10mj2vp-0 CxBBS body-paragraph\">Cette nuit, marqu\u00e9e par de fortes pluies orageuses, s\u2019est toutefois d\u00e9roul\u00e9e sans que des d\u00e9g\u00e2ts mat\u00e9riels ne soient signal\u00e9s, gr\u00e2ce aux mesures proactives et aux interventions anticip\u00e9es mises en \u0153uvre par les autorit\u00e9s locales, en \u00e9troite coordination avec l\u2019ensemble des services concern\u00e9s.<\/p>\n<p class=\"default__StyledText-sc-10mj2vp-0 CxBBS body-paragraph\">Dans ce contexte, les \u00e9quipes de la Soci\u00e9t\u00e9 r\u00e9gionale multiservices Marrakech-Safi (SRM-MS) \u00e0 Essaouira, en coordination avec le Conseil communal de la ville, sont rest\u00e9es mobilis\u00e9es tout au long de la nuit, proc\u00e9dant \u00e0 des op\u00e9rations de curage, de pompage et de d\u00e9sengorgement des r\u00e9seaux d\u2019assainissement, notamment au niveau des points sensibles identifi\u00e9s, \u00e0 l\u2019instar de l\u2019ancienne m\u00e9dina.<\/p>\n<p class=\"default__StyledText-sc-10mj2vp-0 CxBBS body-paragraph\">Parall\u00e8lement, les \u00e9quipes de la Protection civile ont maintenu leur \u00e9tat d\u2019alerte, \u00e0 travers un suivi pr\u00e9cis de l\u2019\u00e9volution de la situation sur le terrain, notamment au niveau de la zone c\u00f4ti\u00e8re et des axes routiers strat\u00e9giques, permettant des interventions rapides le cas \u00e9ch\u00e9ant.<\/p>\n<p class=\"default__StyledText-sc-10mj2vp-0 CxBBS body-paragraph\">Au niveau du port d\u2019Essaouira, les installations n\u2019ont pas \u00e9t\u00e9 affect\u00e9es par les fortes pr\u00e9cipitations enregistr\u00e9es, gr\u00e2ce notamment aux dispositifs de pr\u00e9vention et de s\u00e9curisation mis en place en amont par la cellule de commandement du port, regroupant la Gendarmerie Royale, la Protection civile, les services de l\u2019Agence nationale des ports (ANP) et d\u2019autres intervenants, qui ont permis d\u2019assurer le bon \u00e9coulement des eaux et le maintien des conditions de s\u00e9curit\u00e9 au sein de l\u2019infrastructure portuaire de la Cit\u00e9 des Aliz\u00e9s.<\/p>\n<p class=\"default__StyledText-sc-10mj2vp-0 CxBBS body-paragraph\">Conform\u00e9ment aux instructions du Comit\u00e9 provincial de veille, l\u2019ensemble des \u00e9quipes techniques et op\u00e9rationnelles mobilis\u00e9es sur le terrain poursuivent leurs interventions, avec des moyens logistiques d\u00e9ploy\u00e9s de mani\u00e8re coordonn\u00e9e pour garantir la continuit\u00e9 des services essentiels et la s\u00e9curit\u00e9 des habitants, visiteurs et touristes.<\/p>\n<p class=\"default__StyledText-sc-10mj2vp-0 CxBBS body-paragraph\">Les autorit\u00e9s provinciales ont r\u00e9affirm\u00e9, \u00e0 cet \u00e9gard, la poursuite de cette mobilisation tant que les conditions m\u00e9t\u00e9orologiques l\u2019exigeront, appelant \u00e0 la vigilance et au respect des consignes de s\u00e9curit\u00e9, notamment dans les zones susceptibles de conna\u00eetre des accumulations d\u2019eaux pluviales.<\/p>\n<p class=\"default__StyledText-sc-10mj2vp-0 CxBBS body-paragraph\">Un bulletin d\u2019alerte de niveau de vigilance rouge \u00e9mis, samedi, par la Direction g\u00e9n\u00e9rale de la m\u00e9t\u00e9orologie (DGM) a indiqu\u00e9 que de fortes pluies parfois orageuses (80 \u00e0 100 mm) sont attendues, de samedi \u00e0 13h00 \u00e0 dimanche \u00e0 18h00, dans les provinces d\u2019Inezgane-Ait Melloul, Chtouka-Ait Baha, Agadir Ida-Outanane, Taroudant et Essaouira.<\/p>\n<p>Par Le360 (avec MAP)<\/p>\n<p>Le 03\/01\/2026 \u00e0 16h39<\/p>\n","protected":false},"excerpt":{"rendered":"Cette nuit, marqu\u00e9e par de fortes pluies orageuses, s\u2019est toutefois d\u00e9roul\u00e9e sans que des d\u00e9g\u00e2ts mat\u00e9riels ne soient&hellip;\n","protected":false},"author":2,"featured_media":1397,"comment_status":"","ping_status":"","sticky":false,"template":"","format":"standard","meta":{"footnotes":""},"categories":[41],"tags":[1548,1547,1550,1549,158],"class_list":{"0":"post-1396","1":"post","2":"type-post","3":"status-publish","4":"format-standard","5":"has-post-thumbnail","7":"category-maroc","8":"tag-eaux-pluviales","9":"tag-essaouira","10":"tag-inezgane-ait-melloul","11":"tag-intemperies","12":"tag-maroc"},"share_on_mastodon":{"url":"","error":""},"_links":{"self":[{"href":"https:\/\/www.europesays.com\/africa\/wp-json\/wp\/v2\/posts\/1396","targetHints":{"allow":["GET"]}}],"collection":[{"href":"https:\/\/www.europesays.com\/africa\/wp-json\/wp\/v2\/posts"}],"about":[{"href":"https:\/\/www.europesays.com\/africa\/wp-json\/wp\/v2\/types\/post"}],"author":[{"embeddable":true,"href":"https:\/\/www.europesays.com\/africa\/wp-json\/wp\/v2\/users\/2"}],"replies":[{"embeddable":true,"href":"https:\/\/www.europesays.com\/africa\/wp-json\/wp\/v2\/comments?post=1396"}],"version-history":[{"count":0,"href":"https:\/\/www.europesays.com\/africa\/wp-json\/wp\/v2\/posts\/1396\/revisions"}],"wp:featuredmedia":[{"embeddable":true,"href":"https:\/\/www.europesays.com\/africa\/wp-json\/wp\/v2\/media\/1397"}],"wp:attachment":[{"href":"https:\/\/www.europesays.com\/africa\/wp-json\/wp\/v2\/media?parent=1396"}],"wp:term":[{"taxonomy":"category","embeddable":true,"href":"https:\/\/www.europesays.com\/africa\/wp-json\/wp\/v2\/categories?post=1396"},{"taxonomy":"post_tag","embeddable":true,"href":"https:\/\/www.europesays.com\/africa\/wp-json\/wp\/v2\/tags?post=1396"}],"curies":[{"name":"wp","href":"https:\/\/api.w.org\/{rel}","templated":true}]}}