{"id":13974,"date":"2026-01-09T20:48:06","date_gmt":"2026-01-09T20:48:06","guid":{"rendered":"https:\/\/www.europesays.com\/africa\/13974\/"},"modified":"2026-01-09T20:48:06","modified_gmt":"2026-01-09T20:48:06","slug":"une-partie-du-vieux-port-de-marseille-encore-interdite-a-la-circulation-ce-samedi-soir","status":"publish","type":"post","link":"https:\/\/www.europesays.com\/africa\/13974\/","title":{"rendered":"une partie du Vieux-Port de Marseille encore interdite \u00e0 la circulation ce samedi soir"},"content":{"rendered":"<p>Esp\u00e9rons-le pour les supporters alg\u00e9riens, samedi soir, aux alentours de 19h, il se pourrait bien que ces derniers soient en f\u00eate du c\u00f4t\u00e9 du Vieux-Port de Marseille. Du moins, <a href=\"https:\/\/www.laprovence.com\/article\/sports\/23341218142377\/can-algerie-rdc-en-huitiemes-de-finale-le-grand-defi-de-luca-zidane\" target=\"_blank\" rel=\"nofollow noopener\">si les partenaires de Luca Zidane<\/a> ont la bonne id\u00e9e de qualifier pour le dernier carr\u00e9 de la coupe d&#8217;Afrique des nations en disposant du redoutable Nig\u00e9ria qu&#8217;ils d\u00e9fient \u00e0 partir de 17h \u00e0 Marrakech (Maroc).<\/p>\n<p>En pr\u00e9vision de cette liesse et pour \u00e9viter des incidents, la Pr\u00e9fecture des Bouches-du-Rh\u00f4ne, qui a d\u00e9j\u00e0 pris pareille mesure mardi dernier <a href=\"https:\/\/www.laprovence.com\/article\/sports\/65832744063036\/can-lalgerie-se-qualifie-pour-les-quarts-de-finale-dans-les-dernieres-minutes-face-a-la-rdc\" target=\"_blank\" rel=\"nofollow noopener\">apr\u00e8s la victoire face au Congo<\/a> ou lors du R\u00e9veillon du Nouvel An, a d\u00e9cid\u00e9 de pi\u00e9tonniser une grande partie du Vieux-Port \u00e0 partir de 17h. &#8220;La pr\u00e9f\u00e8te de police d\u00e9l\u00e9gu\u00e9e a pris un nouvel arr\u00eat\u00e9 interdisant le stationnement \u00e0 partir de 17h et la circulation des v\u00e9hicules \u00e0 moteur de 18h \u00e0 minuit sur une partie du Vieux-Port&#8221;, a communiqu\u00e9 l&#8217;institution ce vendredi soir.\u00a0<\/p>\n<p>Cette interdiction concerne : le quai du Port entre la rue de la Bonneterie et le Quai des Belges ; la rue de la R\u00e9publique, entre la rue Coutellerie et le Quai des Belges ; le\u00a0Quai des Belges, de la rue de la R\u00e9publique jusqu&#8217;\u00e0 l&#8217;angle du Cours Jean Ballard.<\/p>\n","protected":false},"excerpt":{"rendered":"Esp\u00e9rons-le pour les supporters alg\u00e9riens, samedi soir, aux alentours de 19h, il se pourrait bien que ces derniers&hellip;\n","protected":false},"author":2,"featured_media":13975,"comment_status":"","ping_status":"","sticky":false,"template":"","format":"standard","meta":{"footnotes":""},"categories":[254],"tags":[97,255,4297,4296,9427,4295,9426,2656,2121,4272],"class_list":{"0":"post-13974","1":"post","2":"type-post","3":"status-publish","4":"format-standard","5":"has-post-thumbnail","7":"category-algerie","8":"tag-97","9":"tag-algerie","10":"tag-encore","11":"tag-lalgerie","12":"tag-marseille","13":"tag-match","14":"tag-partie","15":"tag-region","16":"tag-une","17":"tag-vieux-port"},"share_on_mastodon":{"url":"","error":""},"_links":{"self":[{"href":"https:\/\/www.europesays.com\/africa\/wp-json\/wp\/v2\/posts\/13974","targetHints":{"allow":["GET"]}}],"collection":[{"href":"https:\/\/www.europesays.com\/africa\/wp-json\/wp\/v2\/posts"}],"about":[{"href":"https:\/\/www.europesays.com\/africa\/wp-json\/wp\/v2\/types\/post"}],"author":[{"embeddable":true,"href":"https:\/\/www.europesays.com\/africa\/wp-json\/wp\/v2\/users\/2"}],"replies":[{"embeddable":true,"href":"https:\/\/www.europesays.com\/africa\/wp-json\/wp\/v2\/comments?post=13974"}],"version-history":[{"count":0,"href":"https:\/\/www.europesays.com\/africa\/wp-json\/wp\/v2\/posts\/13974\/revisions"}],"wp:featuredmedia":[{"embeddable":true,"href":"https:\/\/www.europesays.com\/africa\/wp-json\/wp\/v2\/media\/13975"}],"wp:attachment":[{"href":"https:\/\/www.europesays.com\/africa\/wp-json\/wp\/v2\/media?parent=13974"}],"wp:term":[{"taxonomy":"category","embeddable":true,"href":"https:\/\/www.europesays.com\/africa\/wp-json\/wp\/v2\/categories?post=13974"},{"taxonomy":"post_tag","embeddable":true,"href":"https:\/\/www.europesays.com\/africa\/wp-json\/wp\/v2\/tags?post=13974"}],"curies":[{"name":"wp","href":"https:\/\/api.w.org\/{rel}","templated":true}]}}