{"id":13993,"date":"2026-01-09T21:02:18","date_gmt":"2026-01-09T21:02:18","guid":{"rendered":"https:\/\/www.europesays.com\/africa\/13993\/"},"modified":"2026-01-09T21:02:18","modified_gmt":"2026-01-09T21:02:18","slug":"highlights-and-goal-of-mali-vs-senegal-0-1-in-africa-cup-of-nations-01-09-2026","status":"publish","type":"post","link":"https:\/\/www.europesays.com\/africa\/13993\/","title":{"rendered":"Highlights and goal of Mali vs Senegal (0-1) in Africa Cup of Nations | 01\/09\/2026"},"content":{"rendered":"<p>  Highlights and goal of Mali vs Senegal (0-1) in Africa Cup of Nations | 01\/09\/2026 &#8211; VAVEL USA<\/p>\n<p>    <img decoding=\"async\" loading=\"lazy\" src=\"https:\/\/www.europesays.com\/africa\/wp-content\/uploads\/2026\/01\/17.gif\" height=\"12\" alt=\"Live icon gif\"\/>LIVE UPDATESThe Senegalese team took a firm step towards the title after winning in a close and demanding duel against the Malian team. With greater depth in attack and resistance at times of pressure, the &#8216;Lions of Teranga&#8217; knew how to hold the advantage.<a href=\"https:\/\/www.vavel.com\/en-us\/author\/angelita10\" title=\"\u00c1ngela Mar\u00eda Guzm\u00e1n Morales\" rel=\"nofollow noopener\" target=\"_blank\"><img decoding=\"async\" src=\"https:\/\/www.europesays.com\/africa\/wp-content\/uploads\/2026\/01\/thumb_5ad2ak-1732569715712.jpg\" loading=\"lazy\" alt=\"angelita10\" height=\"45\" class=\"image\"\/><\/a><img decoding=\"async\" alt=\"Soccer\" loading=\"lazy\" src=\"https:\/\/www.europesays.com\/africa\/wp-content\/uploads\/2026\/01\/zoom_soccer-1623439919484.png\"\/>Soccer News<\/p>\n","protected":false},"excerpt":{"rendered":"Highlights and goal of Mali vs Senegal (0-1) in Africa Cup of Nations | 01\/09\/2026 &#8211; VAVEL USA&hellip;\n","protected":false},"author":2,"featured_media":13994,"comment_status":"","ping_status":"","sticky":false,"template":"","format":"standard","meta":{"footnotes":""},"categories":[5],"tags":[63,146,965,159],"class_list":{"0":"post-13993","1":"post","2":"type-post","3":"status-publish","4":"format-standard","5":"has-post-thumbnail","7":"category-africa","8":"tag-africa","9":"tag-africa-cup-of-nations","10":"tag-mali","11":"tag-senegal"},"share_on_mastodon":{"url":"","error":""},"_links":{"self":[{"href":"https:\/\/www.europesays.com\/africa\/wp-json\/wp\/v2\/posts\/13993","targetHints":{"allow":["GET"]}}],"collection":[{"href":"https:\/\/www.europesays.com\/africa\/wp-json\/wp\/v2\/posts"}],"about":[{"href":"https:\/\/www.europesays.com\/africa\/wp-json\/wp\/v2\/types\/post"}],"author":[{"embeddable":true,"href":"https:\/\/www.europesays.com\/africa\/wp-json\/wp\/v2\/users\/2"}],"replies":[{"embeddable":true,"href":"https:\/\/www.europesays.com\/africa\/wp-json\/wp\/v2\/comments?post=13993"}],"version-history":[{"count":0,"href":"https:\/\/www.europesays.com\/africa\/wp-json\/wp\/v2\/posts\/13993\/revisions"}],"wp:featuredmedia":[{"embeddable":true,"href":"https:\/\/www.europesays.com\/africa\/wp-json\/wp\/v2\/media\/13994"}],"wp:attachment":[{"href":"https:\/\/www.europesays.com\/africa\/wp-json\/wp\/v2\/media?parent=13993"}],"wp:term":[{"taxonomy":"category","embeddable":true,"href":"https:\/\/www.europesays.com\/africa\/wp-json\/wp\/v2\/categories?post=13993"},{"taxonomy":"post_tag","embeddable":true,"href":"https:\/\/www.europesays.com\/africa\/wp-json\/wp\/v2\/tags?post=13993"}],"curies":[{"name":"wp","href":"https:\/\/api.w.org\/{rel}","templated":true}]}}