{"id":14014,"date":"2026-01-09T21:18:08","date_gmt":"2026-01-09T21:18:08","guid":{"rendered":"https:\/\/www.europesays.com\/africa\/14014\/"},"modified":"2026-01-09T21:18:08","modified_gmt":"2026-01-09T21:18:08","slug":"le-senegal-en-quart-de-la-can-lalgerie-se-prepare-dembele-gourmand-les-immanquables-du-jour","status":"publish","type":"post","link":"https:\/\/www.europesays.com\/africa\/14014\/","title":{"rendered":"Le S\u00e9n\u00e9gal en quart de la CAN, l&#8217;Alg\u00e9rie se pr\u00e9pare, Demb\u00e9l\u00e9 gourmand&#8230; Les immanquables du jour"},"content":{"rendered":"<p>Comme chaque jour, l&#8217;actualit\u00e9 a \u00e9t\u00e9 riche en cette journ\u00e9e du vendredi 9 janvier 2026 sur la plan\u00e8te football. Avec au programme la CAN \u00e9videmment avec les quarts de finale. Le S\u00e9n\u00e9gal a ouvert les hostilit\u00e9s en parvenant \u00e0 se d\u00e9faite du Mali pour composer son billet. L&#8217;Alg\u00e9rie, de son c\u00f4t\u00e9, monte en pression avant de d\u00e9fier le Nig\u00e9ria. Autre actualit\u00e9 forte du jour, Ousmane Demb\u00e9l\u00e9 qui r\u00e9clame une fortune au PSG pour prolonger. Mission impossible ?<\/p>\n<p>Les immanquables du jour<\/p>\n<p><a href=\"https:\/\/www.onzemondial.com\/ligue-1\/psg-om-pas-penalty-sur-greenwood-un-arbitre-explique-pourquoi-976355\" rel=\"nofollow noopener\" target=\"_blank\">PSG &#8211; OM : pas penalty sur Greenwood, un arbitre explique pourquoi<\/a><br \/><a href=\"https:\/\/www.onzemondial.com\/ligue-1\/le-psg-a-un-sorcier-dans-le-staff-pour-les-tirs-au-but-chevalier-lui-dit-merci-976359\" rel=\"nofollow noopener\" target=\"_blank\">Le PSG a un sorcier dans le staff pour les tirs au but, Chevalier lui dit merci<\/a><br \/><a href=\"https:\/\/www.onzemondial.com\/ligue-1\/om-il-a-eu-tout-faux-face-au-psg-un-marseillais-expedie-ailleurs-976362\" rel=\"nofollow noopener\" target=\"_blank\">OM : il a eu tout faux face au PSG, un Marseillais exp\u00e9di\u00e9 ailleurs ?<\/a><br \/><a href=\"https:\/\/www.onzemondial.com\/can\/ethan-mbappe-vers-lalgerie-ca-se-confirme-976363\" rel=\"nofollow noopener\" target=\"_blank\">Ethan Mbapp\u00e9 vers l&#8217;Alg\u00e9rie, \u00e7a se confirme !<\/a><br \/><a href=\"https:\/\/www.onzemondial.com\/transferts\/om-un-joueur-vendu-en-urgence-pour-soffrir-abdelli-976366\" rel=\"nofollow noopener\" target=\"_blank\">OM : un joueur vendu en urgence pour s&#8217;offrir Abdelli ?<\/a><br \/><a href=\"https:\/\/www.onzemondial.com\/premier-league\/manchester-city-craque-75me-sur-un-ailier-cest-officiel-976375\" rel=\"nofollow noopener\" target=\"_blank\">Manchester City craque 75M\u20ac sur un ailier, c&#8217;est officiel !<\/a><br \/><a href=\"https:\/\/www.onzemondial.com\/can\/om-algerie-comment-le-forfait-de-gouiri-a-fait-basculer-lhistoire-des-fennecs-976379\" rel=\"nofollow noopener\" target=\"_blank\">OM &#8211; Alg\u00e9rie : comment le forfait de Gouiri a fait basculer l&#8217;histoire des Fennecs<\/a><br \/><a href=\"https:\/\/www.onzemondial.com\/ligue-1\/psg-un-soldat-de-luis-enrique-sur-le-depart-la-rumeur-inattendue-venue-de-turquie-976382\" rel=\"nofollow noopener\" target=\"_blank\">PSG : un soldat de Luis Enrique sur le d\u00e9part, la rumeur inattendue venue de Turquie<\/a><br \/><a href=\"https:\/\/www.onzemondial.com\/liga\/real-madrid-mbappe-incertain-benzema-passe-en-mode-agent-special-avant-le-barca-976386\" rel=\"nofollow noopener\" target=\"_blank\">Real Madrid : Mbapp\u00e9 incertain, Benzema passe en mode &#8220;agent sp\u00e9cial&#8221; avant le Bar\u00e7a<\/a><br \/><a href=\"https:\/\/www.onzemondial.com\/transferts\/coup-de-theatre-a-lom-un-cadre-de-de-zerbi-se-verrait-bien-claquer-la-porte-cet-hiver-976393\" rel=\"nofollow noopener\" target=\"_blank\">Coup de th\u00e9\u00e2tre \u00e0 l&#8217;OM, un cadre de De Zerbi se verrait bien claquer la porte cet hiver !<\/a><br \/><a href=\"https:\/\/www.onzemondial.com\/can\/algerie-nigeria-les-joueurs-en-greve-la-reponse-ferme-de-chelle-976396\" rel=\"nofollow noopener\" target=\"_blank\">Alg\u00e9rie &#8211; Nig\u00e9ria : les joueurs en gr\u00e8ve, Osimhen sur le d\u00e9part, les r\u00e9ponses fermes de Chelle<\/a><br \/><a href=\"https:\/\/www.onzemondial.com\/coupe-de-france\/ol-endrick-titulaire-contre-lille-fonseca-se-prononce-976407\" rel=\"nofollow noopener\" target=\"_blank\">OL : Endrick titulaire contre Lille ? Fonseca se prononce !<\/a><br \/><a href=\"https:\/\/www.onzemondial.com\/can\/le-cameroun-bete-noire-du-pays-organisateur-le-maroc-tremble-976417\" rel=\"nofollow noopener\" target=\"_blank\">Le Cameroun, b\u00eate noire du pays organisateur, le Maroc tremble !<\/a><br \/><a href=\"https:\/\/www.onzemondial.com\/can\/mali-senegal-les-tops-et-les-flops-976418\" rel=\"nofollow noopener\" target=\"_blank\">Mali &#8211; S\u00e9n\u00e9gal : les Tops et les Flops\u00a0<\/a><br \/><a href=\"https:\/\/www.onzemondial.com\/can\/can-2025-le-programme-complet-des-demi-finales-976429\" rel=\"nofollow noopener\" target=\"_blank\">CAN 2025 : le programme complet des demi-finales<\/a><br \/><a href=\"https:\/\/www.onzemondial.com\/can\/algerie-cortege-geant-a-marrakech-lappel-a-la-mobilisation-est-lance-976431\" rel=\"nofollow noopener\" target=\"_blank\">Alg\u00e9rie : cort\u00e8ge g\u00e9ant \u00e0 Marrakech, l\u2019appel \u00e0 la mobilisation est lanc\u00e9 !<\/a><br \/><a href=\"https:\/\/www.onzemondial.com\/can\/can-2025-le-senegal-dompte-le-mali-et-file-en-demi-finale-976440\" rel=\"nofollow noopener\" target=\"_blank\">CAN 2025 : le S\u00e9n\u00e9gal dompte le Mali et file en demi-finale !<\/a><br \/><a href=\"https:\/\/www.onzemondial.com\/psg\/psg-om-sil-vous-plait-acceptez-mes-excuses-le-message-dechirant-doriley-apres-son-tir-au-but-rate-976441\" rel=\"nofollow noopener\" target=\"_blank\">PSG &#8211; OM : &#8220;S&#8217;il vous pla\u00eet, acceptez mes excuses&#8221; &#8230; Le message d\u00e9chirant d&#8217;O&#8217;Riley apr\u00e8s son tir au but rat\u00e9<\/a><br \/><a href=\"https:\/\/www.onzemondial.com\/transferts\/dembele-reclame-60me-par-an-au-psg-enorme-clash-en-vue-976457\" rel=\"nofollow noopener\" target=\"_blank\">Demb\u00e9l\u00e9 r\u00e9clame 60M\u20ac par an au PSG, \u00e9norme clash en vue ?<\/a><br \/><a href=\"https:\/\/www.onzemondial.com\/can\/cameroun-maroc-le-record-incroyable-de-brahim-diaz-du-jamais-vu-a-la-can-976460\" rel=\"nofollow noopener\" target=\"_blank\">Cameroun &#8211; Maroc : le record incroyable de Brahim Diaz, du jamais vu \u00e0 la CAN !<\/a><\/p>\n<p>   Partagez cette info avec vos amis et vos proches en cliquant ici<br \/> Pour r\u00e9sumer<\/p>\n<p>Le 9 janvier 2026 a \u00e9t\u00e9 marqu\u00e9 par une actualit\u00e9 football intense : le S\u00e9n\u00e9gal s\u2019est qualifi\u00e9 en battant le Mali, l\u2019Alg\u00e9rie pr\u00e9pare son choc face au Nig\u00e9ria, et Ousmane Demb\u00e9l\u00e9 exige une \u00e9norme prolongation au PSG. Une journ\u00e9e rythm\u00e9e par la CAN et plusieurs dossiers br\u00fblants.<\/p>\n<p>R\u00e9dacteur<\/p>\n<p><img decoding=\"async\" width=\"76\" height=\"76\" loading=\"lazy\" src=\"https:\/\/www.europesays.com\/africa\/wp-content\/uploads\/2026\/01\/logo-julien-pedebos.jpg\" alt=\"Julien P\u00e9debos\"\/><\/p>\n","protected":false},"excerpt":{"rendered":"Comme chaque jour, l&#8217;actualit\u00e9 a \u00e9t\u00e9 riche en cette journ\u00e9e du vendredi 9 janvier 2026 sur la plan\u00e8te&hellip;\n","protected":false},"author":2,"featured_media":14015,"comment_status":"","ping_status":"","sticky":false,"template":"","format":"standard","meta":{"footnotes":""},"categories":[48],"tags":[360,159],"class_list":{"0":"post-14014","1":"post","2":"type-post","3":"status-publish","4":"format-standard","5":"has-post-thumbnail","7":"category-senegal","8":"tag-can","9":"tag-senegal"},"share_on_mastodon":{"url":"","error":""},"_links":{"self":[{"href":"https:\/\/www.europesays.com\/africa\/wp-json\/wp\/v2\/posts\/14014","targetHints":{"allow":["GET"]}}],"collection":[{"href":"https:\/\/www.europesays.com\/africa\/wp-json\/wp\/v2\/posts"}],"about":[{"href":"https:\/\/www.europesays.com\/africa\/wp-json\/wp\/v2\/types\/post"}],"author":[{"embeddable":true,"href":"https:\/\/www.europesays.com\/africa\/wp-json\/wp\/v2\/users\/2"}],"replies":[{"embeddable":true,"href":"https:\/\/www.europesays.com\/africa\/wp-json\/wp\/v2\/comments?post=14014"}],"version-history":[{"count":0,"href":"https:\/\/www.europesays.com\/africa\/wp-json\/wp\/v2\/posts\/14014\/revisions"}],"wp:featuredmedia":[{"embeddable":true,"href":"https:\/\/www.europesays.com\/africa\/wp-json\/wp\/v2\/media\/14015"}],"wp:attachment":[{"href":"https:\/\/www.europesays.com\/africa\/wp-json\/wp\/v2\/media?parent=14014"}],"wp:term":[{"taxonomy":"category","embeddable":true,"href":"https:\/\/www.europesays.com\/africa\/wp-json\/wp\/v2\/categories?post=14014"},{"taxonomy":"post_tag","embeddable":true,"href":"https:\/\/www.europesays.com\/africa\/wp-json\/wp\/v2\/tags?post=14014"}],"curies":[{"name":"wp","href":"https:\/\/api.w.org\/{rel}","templated":true}]}}