{"id":14027,"date":"2026-01-09T21:29:15","date_gmt":"2026-01-09T21:29:15","guid":{"rendered":"https:\/\/www.europesays.com\/africa\/14027\/"},"modified":"2026-01-09T21:29:15","modified_gmt":"2026-01-09T21:29:15","slug":"tombeurs-du-mali-le-deodatien-kalidou-koulibaly-et-le-senegal-rallient-les-demi-finales","status":"publish","type":"post","link":"https:\/\/www.europesays.com\/africa\/14027\/","title":{"rendered":"tombeurs du Mali, le D\u00e9odatien Kalidou Koulibaly et le S\u00e9n\u00e9gal rallient\u00a0les demi-finales"},"content":{"rendered":"<p>En route pour glaner le second titre continental de son histoire, le S\u00e9n\u00e9gal a pass\u00e9 l&#8217;\u00e9cueil des quarts de finale ce vendredi soir. Oppos\u00e9s au Mali, les Lions de la Teranga, dans le sillage de son capitaine d\u00e9odatien de retour de suspension, se sont impos\u00e9s 1-0 gr\u00e2ce au seul but d&#8217;Iliman Ndiaye, inscrit peu avant la demi-heure de jeu.<\/p>\n<p>En sup\u00e9riorit\u00e9 num\u00e9rique apr\u00e8s l&#8217;expulsion du milieu de terrain de Tottenham\u00a0Yves Bissouma juste avant la pause, le S\u00e9n\u00e9gal n&#8217;a pas su plier la rencontre malgr\u00e9 de nombreuses occasions franches.<\/p>\n<p>  Clap de fin pour l&#8217;ancien Spinalien Devis Epassy<\/p>\n<p>La faute \u00e9galement \u00e0\u00a0un portier malien des grands soirs. Averti\u00a0dans le temps additionnel en fin de rencontre, Kaildou Koulibaly a jou\u00e9 toute la rencontre.\u00a0Le S\u00e9n\u00e9gal\u00a0jouera sa demi-finale mercredi prochain\u00a0(18h) face \u00e0 l&#8217;\u00c9gypte ou la C\u00f4te d&#8217;Ivoire, une rencontre pr\u00e9vue ce samedi (20 h).<\/p>\n<p>En revanche, l\u2019aventure est termin\u00e9e pour l\u2019ancien gardien de but d\u2019\u00c9pinal, Devis Epassy, titulaire et battu 2-0 par le Maroc, pays organisateur, ce vendredi soir.<\/p>\n","protected":false},"excerpt":{"rendered":"En route pour glaner le second titre continental de son histoire, le S\u00e9n\u00e9gal a pass\u00e9 l&#8217;\u00e9cueil des quarts&hellip;\n","protected":false},"author":2,"featured_media":14028,"comment_status":"","ping_status":"","sticky":false,"template":"","format":"standard","meta":{"footnotes":""},"categories":[62],"tags":[64,295,1063,1064,311,9448,1686,310,1062,7710],"class_list":{"0":"post-14027","1":"post","2":"type-post","3":"status-publish","4":"format-standard","5":"has-post-thumbnail","7":"category-afrique","8":"tag-afrique","9":"tag-fil-info","10":"tag-fil-info-sport","11":"tag-fil-web","12":"tag-football","13":"tag-region-lorraine","14":"tag-saint-die-des-vosges","15":"tag-sport","16":"tag-sport-lorrain","17":"tag-vosges"},"share_on_mastodon":{"url":"","error":""},"_links":{"self":[{"href":"https:\/\/www.europesays.com\/africa\/wp-json\/wp\/v2\/posts\/14027","targetHints":{"allow":["GET"]}}],"collection":[{"href":"https:\/\/www.europesays.com\/africa\/wp-json\/wp\/v2\/posts"}],"about":[{"href":"https:\/\/www.europesays.com\/africa\/wp-json\/wp\/v2\/types\/post"}],"author":[{"embeddable":true,"href":"https:\/\/www.europesays.com\/africa\/wp-json\/wp\/v2\/users\/2"}],"replies":[{"embeddable":true,"href":"https:\/\/www.europesays.com\/africa\/wp-json\/wp\/v2\/comments?post=14027"}],"version-history":[{"count":0,"href":"https:\/\/www.europesays.com\/africa\/wp-json\/wp\/v2\/posts\/14027\/revisions"}],"wp:featuredmedia":[{"embeddable":true,"href":"https:\/\/www.europesays.com\/africa\/wp-json\/wp\/v2\/media\/14028"}],"wp:attachment":[{"href":"https:\/\/www.europesays.com\/africa\/wp-json\/wp\/v2\/media?parent=14027"}],"wp:term":[{"taxonomy":"category","embeddable":true,"href":"https:\/\/www.europesays.com\/africa\/wp-json\/wp\/v2\/categories?post=14027"},{"taxonomy":"post_tag","embeddable":true,"href":"https:\/\/www.europesays.com\/africa\/wp-json\/wp\/v2\/tags?post=14027"}],"curies":[{"name":"wp","href":"https:\/\/api.w.org\/{rel}","templated":true}]}}