{"id":14035,"date":"2026-01-09T21:33:09","date_gmt":"2026-01-09T21:33:09","guid":{"rendered":"https:\/\/www.europesays.com\/africa\/14035\/"},"modified":"2026-01-09T21:33:09","modified_gmt":"2026-01-09T21:33:09","slug":"feuille-de-route-2026-et-projets-prioritaires-devoiles","status":"publish","type":"post","link":"https:\/\/www.europesays.com\/africa\/14035\/","title":{"rendered":"feuille de route 2026 et projets prioritaires d\u00e9voil\u00e9s"},"content":{"rendered":"<p>\t\t\tLa concr\u00e9tisation de la r\u00e9gionalisation avanc\u00e9e au Maroc franchit des \u00e9tapes d\u00e9cisives, comme en t\u00e9moigne la r\u00e9cente r\u00e9union p\u00e9riodique tenue le jeudi 8 janvier 2026 au si\u00e8ge du minist\u00e8re de l\u2019Int\u00e9rieur \u00e0 Rabat. Cette assise strat\u00e9gique s\u2019inscrit dans une d\u00e9marche consultative visant \u00e0 optimiser l\u2019op\u00e9rationnalisation de cette r\u00e9forme structurelle, pilier fondamental de la gouvernance territoriale du Royaume.<\/p>\n<p style=\"text-align: justify;\">\u00a0Le bilan d\u2019\u00e9tape pr\u00e9sent\u00e9 lors de cette rencontre a mis en exergue des avanc\u00e9es notables. L\u2019int\u00e9gralit\u00e9 des douze r\u00e9gions marocaines a ainsi parachev\u00e9 l\u2019\u00e9laboration de leurs sch\u00e9mas r\u00e9gionaux d\u2019am\u00e9nagement du territoire et de leurs programmes de d\u00e9veloppement r\u00e9gionaux. Ces instruments constituent des vecteurs essentiels pour une planification territoriale coh\u00e9rente et efficiente.<\/p>\n<p style=\"text-align: justify;\">Un indicateur particuli\u00e8rement \u00e9loquent de cette progression r\u00e9side dans le transfert int\u00e9gral des cr\u00e9dits allou\u00e9s aux budgets r\u00e9gionaux pour l\u2019ann\u00e9e 2025, atteignant un taux de 100%. Cette performance in\u00e9dite atteste d\u2019une consolidation progressive de l\u2019autonomie financi\u00e8re des entit\u00e9s r\u00e9gionales, renfor\u00e7ant leur capacit\u00e9 d\u2019action et d\u2019investissement. N\u00e9anmoins, le rapport a \u00e9galement identifi\u00e9 des d\u00e9fis persistants, notamment l\u2019imp\u00e9ratif d\u2019une activation effective de la Charte de la d\u00e9concentration administrative, la n\u00e9cessit\u00e9 de clarifier et d\u2019exercer de mani\u00e8re optimale les comp\u00e9tences transf\u00e9r\u00e9es, ainsi que la p\u00e9rennisation du financement de ce chantier d\u2019envergure.<\/p>\n<p style=\"text-align: justify;\">Lire aussi :\u00a0<a style=\"color: #008000;\" href=\"https:\/\/maroc-diplomatique.net\/2emes-assises-de-la-regionalisation-avancee-appel-a-lacceleration-de-la-mise-en-oeuvre-de-la-charte-de-deconcentration-administrative\/\" rel=\"nofollow noopener\" target=\"_blank\">2\u00e8mes Assises de la r\u00e9gionalisation avanc\u00e9e: Appel \u00e0 l\u2019acc\u00e9l\u00e9ration de la mise en oeuvre de la Charte de d\u00e9concentration administrative<\/a><\/p>\n<p style=\"text-align: justify;\">La r\u00e9union a \u00e9galement \u00e9t\u00e9 l\u2019occasion d\u2019examiner un projet de feuille de route ambitieux, con\u00e7u pour parachever cette r\u00e9forme conform\u00e9ment aux Hautes Orientations Royales. Ces directives \u00e9manent du Message de Sa Majest\u00e9 le Roi Mohammed VI, adress\u00e9 aux participants des deuxi\u00e8mes Assises nationales sur la r\u00e9gionalisation avanc\u00e9e, tenues \u00e0 Tanger en d\u00e9cembre 2024. Le Souverain y avait instruit l\u2019\u00e9laboration d\u2019une \u00ab feuille de route claire et consensuelle, d\u00e9finissant les orientations strat\u00e9giques de la prochaine \u00e9tape \u00bb.<\/p>\n<p style=\"text-align: justify;\">Cette feuille de route vise \u00e0 traduire concr\u00e8tement les conclusions des Assises nationales, en int\u00e9grant les pr\u00e9ceptes Royaux, les quatre conventions sign\u00e9es \u00e0 cette occasion, et les recommandations g\u00e9n\u00e9rales qui en ont d\u00e9coul\u00e9. Elle s\u2019aligne \u00e9galement sur les priorit\u00e9s \u00e9nonc\u00e9es dans le Discours du Tr\u00f4ne 2025, notamment l\u2019adoption d\u2019une nouvelle g\u00e9n\u00e9ration de programmes de d\u00e9veloppement territorial int\u00e9gr\u00e9. Le projet de feuille de route, valid\u00e9 \u00e0 l\u2019issue des d\u00e9lib\u00e9rations, comprend 97 m\u00e9canismes proc\u00e9duraux, dont 35 sont inscrits dans un programme prioritaire. Ces mesures s\u2019articulent autour de quatre axes strat\u00e9giques majeurs :<\/p>\n<p>Le renforcement de l\u2019investissement productif, levier essentiel pour la cr\u00e9ation d\u2019emplois.<br \/>\nLe d\u00e9veloppement des infrastructures et des services de base, tant en milieu urbain que rural.<br \/>\nLa rationalisation des ressources hydriques, \u00e9nerg\u00e9tiques et environnementales, enjeu crucial pour un d\u00e9veloppement durable.<br \/>\nLa consolidation de la mise \u00e0 niveau territoriale int\u00e9gr\u00e9e, garantissant une \u00e9quit\u00e9 spatiale.<\/p>\n<p style=\"text-align: justify;\">La mise en \u0153uvre de ce programme prioritaire est envisag\u00e9e \u00e0 court et tr\u00e8s court termes, avec un d\u00e9marrage pr\u00e9vu d\u00e8s f\u00e9vrier 2026. La pr\u00e9sence de nombreux ministres et hauts fonctionnaires, dont le ministre de l\u2019Int\u00e9rieur, ainsi que la pr\u00e9sidente de l\u2019Association des R\u00e9gions du Maroc, des walis et des pr\u00e9sidents des conseils r\u00e9gionaux, souligne l\u2019importance capitale accord\u00e9e \u00e0 cette r\u00e9forme et la mobilisation collective pour son succ\u00e8s. La r\u00e9gionalisation avanc\u00e9e se positionne ainsi comme un chantier structurant, porteur d\u2019une vision prospective pour un d\u00e9veloppement territorial \u00e9quilibr\u00e9 et inclusif au Maroc.<\/p>\n","protected":false},"excerpt":{"rendered":"La concr\u00e9tisation de la r\u00e9gionalisation avanc\u00e9e au Maroc franchit des \u00e9tapes d\u00e9cisives, comme en t\u00e9moigne la r\u00e9cente r\u00e9union&hellip;\n","protected":false},"author":2,"featured_media":14036,"comment_status":"","ping_status":"","sticky":false,"template":"","format":"standard","meta":{"footnotes":""},"categories":[41],"tags":[4387,158,9449,9450],"class_list":{"0":"post-14035","1":"post","2":"type-post","3":"status-publish","4":"format-standard","5":"has-post-thumbnail","7":"category-maroc","8":"tag-feuille-de-route","9":"tag-maroc","10":"tag-ministere-de-linterieur","11":"tag-regionalisation"},"share_on_mastodon":{"url":"","error":""},"_links":{"self":[{"href":"https:\/\/www.europesays.com\/africa\/wp-json\/wp\/v2\/posts\/14035","targetHints":{"allow":["GET"]}}],"collection":[{"href":"https:\/\/www.europesays.com\/africa\/wp-json\/wp\/v2\/posts"}],"about":[{"href":"https:\/\/www.europesays.com\/africa\/wp-json\/wp\/v2\/types\/post"}],"author":[{"embeddable":true,"href":"https:\/\/www.europesays.com\/africa\/wp-json\/wp\/v2\/users\/2"}],"replies":[{"embeddable":true,"href":"https:\/\/www.europesays.com\/africa\/wp-json\/wp\/v2\/comments?post=14035"}],"version-history":[{"count":0,"href":"https:\/\/www.europesays.com\/africa\/wp-json\/wp\/v2\/posts\/14035\/revisions"}],"wp:featuredmedia":[{"embeddable":true,"href":"https:\/\/www.europesays.com\/africa\/wp-json\/wp\/v2\/media\/14036"}],"wp:attachment":[{"href":"https:\/\/www.europesays.com\/africa\/wp-json\/wp\/v2\/media?parent=14035"}],"wp:term":[{"taxonomy":"category","embeddable":true,"href":"https:\/\/www.europesays.com\/africa\/wp-json\/wp\/v2\/categories?post=14035"},{"taxonomy":"post_tag","embeddable":true,"href":"https:\/\/www.europesays.com\/africa\/wp-json\/wp\/v2\/tags?post=14035"}],"curies":[{"name":"wp","href":"https:\/\/api.w.org\/{rel}","templated":true}]}}