{"id":14077,"date":"2026-01-09T22:01:07","date_gmt":"2026-01-09T22:01:07","guid":{"rendered":"https:\/\/www.europesays.com\/africa\/14077\/"},"modified":"2026-01-09T22:01:07","modified_gmt":"2026-01-09T22:01:07","slug":"lancien-ministre-moussa-bocar-thiam-a-perdu-sa-mere","status":"publish","type":"post","link":"https:\/\/www.europesays.com\/africa\/14077\/","title":{"rendered":"L\u2019ancien ministre Moussa Bocar Thiam a perdu sa m\u00e8re"},"content":{"rendered":"<p style=\"text-align: justify;\">L\u2019ancien ministre de la communication, Me Moussa Bocar Thiam a perdu sa m\u00e8re Khadidiatou Ba, ce jeudi. La lev\u00e9e du corps est pr\u00e9vue ce vendredi 10 janvier \u00e0 15 heures \u00e0 la mosqu\u00e9e HLM Grand Yoff, situ\u00e9e \u00e0 c\u00f4t\u00e9 de la Brioche Dor\u00e9e, en face de l\u2019arr\u00eat BRT.\u00a0L\u2019enterrement se d\u00e9roulera samedi \u00e0 Ourossogui. Une c\u00e9r\u00e9monie de pri\u00e8re du troisi\u00e8me jour aura lieu le lundi 13 janvier \u00e0 Hann Marinas. <\/p>\n<p style=\"text-align: justify;\">\u00a0 <\/p>\n<p style=\"text-align: justify;\">Dakaractu pr\u00e9sente ses condol\u00e9ances \u00e0 toute la famille endeuill\u00e9e.\u00a0 <\/p>\n","protected":false},"excerpt":{"rendered":"L\u2019ancien ministre de la communication, Me Moussa Bocar Thiam a perdu sa m\u00e8re Khadidiatou Ba, ce jeudi. La&hellip;\n","protected":false},"author":2,"featured_media":14078,"comment_status":"","ping_status":"","sticky":false,"template":"","format":"standard","meta":{"footnotes":""},"categories":[48],"tags":[64,274,279,273,277,278,271,281,283,272,280,276,275,159,282],"class_list":{"0":"post-14077","1":"post","2":"type-post","3":"status-publish","4":"format-standard","5":"has-post-thumbnail","7":"category-senegal","8":"tag-afrique","9":"tag-aliou-cisse","10":"tag-amadou-ba","11":"tag-apr","12":"tag-bassirou-diomaye-faye","13":"tag-bathelemy-dias","14":"tag-dakar","15":"tag-el-malick-ndiaye","16":"tag-guy-marius-sagna","17":"tag-macky-sall","18":"tag-madiambal-diagne","19":"tag-ousmane-sonko","20":"tag-pastef","21":"tag-senegal","22":"tag-ziguinchor"},"share_on_mastodon":{"url":"","error":""},"_links":{"self":[{"href":"https:\/\/www.europesays.com\/africa\/wp-json\/wp\/v2\/posts\/14077","targetHints":{"allow":["GET"]}}],"collection":[{"href":"https:\/\/www.europesays.com\/africa\/wp-json\/wp\/v2\/posts"}],"about":[{"href":"https:\/\/www.europesays.com\/africa\/wp-json\/wp\/v2\/types\/post"}],"author":[{"embeddable":true,"href":"https:\/\/www.europesays.com\/africa\/wp-json\/wp\/v2\/users\/2"}],"replies":[{"embeddable":true,"href":"https:\/\/www.europesays.com\/africa\/wp-json\/wp\/v2\/comments?post=14077"}],"version-history":[{"count":0,"href":"https:\/\/www.europesays.com\/africa\/wp-json\/wp\/v2\/posts\/14077\/revisions"}],"wp:featuredmedia":[{"embeddable":true,"href":"https:\/\/www.europesays.com\/africa\/wp-json\/wp\/v2\/media\/14078"}],"wp:attachment":[{"href":"https:\/\/www.europesays.com\/africa\/wp-json\/wp\/v2\/media?parent=14077"}],"wp:term":[{"taxonomy":"category","embeddable":true,"href":"https:\/\/www.europesays.com\/africa\/wp-json\/wp\/v2\/categories?post=14077"},{"taxonomy":"post_tag","embeddable":true,"href":"https:\/\/www.europesays.com\/africa\/wp-json\/wp\/v2\/tags?post=14077"}],"curies":[{"name":"wp","href":"https:\/\/api.w.org\/{rel}","templated":true}]}}