{"id":14096,"date":"2026-01-09T22:16:07","date_gmt":"2026-01-09T22:16:07","guid":{"rendered":"https:\/\/www.europesays.com\/africa\/14096\/"},"modified":"2026-01-09T22:16:07","modified_gmt":"2026-01-09T22:16:07","slug":"can-2025-avec-le-maroc-et-le-senegal-qualifies-le-tableau-des-demi-finales-se-dessine","status":"publish","type":"post","link":"https:\/\/www.europesays.com\/africa\/14096\/","title":{"rendered":"CAN 2025 : avec le Maroc et le S\u00e9n\u00e9gal qualifi\u00e9s, le tableau des demi-finales se dessine"},"content":{"rendered":"<p class=\"paragraph text_align_left lp-f-body-02\">Dans les deux premiers quarts de finale de cette <a href=\"https:\/\/www.leparisien.fr\/sports\/football\/coupe-d-afrique-des-nations\/\" target=\"_blank\" rel=\"noreferrer nofollow noopener\">CAN 2025<\/a>, pas de surprise ni de drame : le S\u00e9n\u00e9gal et le <a href=\"https:\/\/www.leparisien.fr\/sports\/football\/maroc\/\" target=\"_blank\" rel=\"noreferrer nofollow noopener\">Maroc<\/a>, favoris, se sont d\u00e9faits sans trop trembler du Mali et du <a href=\"https:\/\/www.leparisien.fr\/sports\/football\/cameroun\/\" target=\"_blank\" rel=\"noreferrer nofollow noopener\">Cameroun<\/a> pour se qualifier pour les demi-finales de la comp\u00e9tition.<\/p>\n<p class=\"\">Plus t\u00f4t dans la journ\u00e9e, c\u2019est un <a href=\"https:\/\/www.leparisien.fr\/sports\/football\/senegal\/\" target=\"_blank\" rel=\"noreferrer nofollow noopener\">S\u00e9n\u00e9gal<\/a> dominateur qui a \u00e9cart\u00e9 un Mali maladroit, dans un match qui s\u2019est sold\u00e9 sur une <a href=\"https:\/\/www.leparisien.fr\/sports\/football\/coupe-d-afrique-des-nations\/mali-senegal-0-1-dans-un-match-debride-les-lions-de-la-teranga-simposent-et-verront-les-demies-09-01-2026-QG45TSTF4VDFLGEFAIPVUF55BM.php\" target=\"_blank\" rel=\"noreferrer nofollow noopener\">victoire sur la plus petite des marge des Super Eagles (0-1)<\/a> gr\u00e2ce \u00e0 un but de Ndiaye. Dans la soir\u00e9e, le Maroc, chez lui, a domin\u00e9 le Cameroun gr\u00e2ce \u00e0 l\u2019in\u00e9vitable Brahim Diaz et \u00e0 Ismael Saibari (0-2).<\/p>\n<p><img decoding=\"async\" class=\"image \" loading=\"lazy\" src=\"https:\/\/www.europesays.com\/africa\/wp-content\/uploads\/2026\/01\/PDOI5TRKY5DO3KRHO6ASOLZPB4.jpg\" alt=\"\" align=\"\" data-rubrique-principale=\"\" data-article-type=\"\" fetchpriority=\"auto\"\/><\/p>\n<p class=\"\">Chacun d\u2019un c\u00f4t\u00e9 du tableau, S\u00e9n\u00e9galais et Marocains vont donc pouvoir attendre, sereinement, de connaitre l\u2019identit\u00e9 de leurs adversaires respectifs. Les deux derniers quarts de finale <a href=\"https:\/\/www.leparisien.fr\/sports\/football\/coupe-d-afrique-des-nations\/calendrier-resultats\/\" target=\"_blank\" rel=\"noreferrer nofollow noopener\">se joueront ce samedi, \u00e0 17 heures et \u00e0 20 heures<\/a> : dans l\u2019un, <a href=\"https:\/\/www.leparisien.fr\/sports\/football\/algerie\/\" target=\"_blank\" rel=\"noreferrer nofollow noopener\">l\u2019Alg\u00e9rie<\/a> affronte le Nig\u00e9ria alors que dans l\u2019autre, <a href=\"https:\/\/www.leparisien.fr\/sports\/football\/egypte\/\" target=\"_blank\" rel=\"noreferrer nofollow noopener\">l\u2019\u00c9gypte<\/a> se frottera \u00e0 la <a href=\"https:\/\/www.leparisien.fr\/sports\/football\/cote-d-ivoire\/\" target=\"_blank\" rel=\"noreferrer nofollow noopener\">C\u00f4te d\u2019Ivoire<\/a>.<\/p>\n<p class=\"\">Le vainqueur de la premi\u00e8re affiche gagnera le droit de disputer une demi-finale \u00e9lectrique face au Maroc, sur ses terres. Bien s\u00fbr, tout le Maghreb r\u00eave d\u2019une demi-finale locale, entre voisins alg\u00e9riens et marocains, mais le Nig\u00e9ria voudra briser ce r\u00eave. De son c\u00f4t\u00e9, le S\u00e9n\u00e9gal regardera d\u2019un \u0153il int\u00e9ress\u00e9 la rencontre entre les Pharaons et les \u00c9l\u00e9phants.<\/p>\n","protected":false},"excerpt":{"rendered":"Dans les deux premiers quarts de finale de cette CAN 2025, pas de surprise ni de drame :&hellip;\n","protected":false},"author":2,"featured_media":14097,"comment_status":"","ping_status":"","sticky":false,"template":"","format":"standard","meta":{"footnotes":""},"categories":[48],"tags":[360,311,159,264],"class_list":{"0":"post-14096","1":"post","2":"type-post","3":"status-publish","4":"format-standard","5":"has-post-thumbnail","7":"category-senegal","8":"tag-can","9":"tag-football","10":"tag-senegal","11":"tag-sports"},"share_on_mastodon":{"url":"","error":""},"_links":{"self":[{"href":"https:\/\/www.europesays.com\/africa\/wp-json\/wp\/v2\/posts\/14096","targetHints":{"allow":["GET"]}}],"collection":[{"href":"https:\/\/www.europesays.com\/africa\/wp-json\/wp\/v2\/posts"}],"about":[{"href":"https:\/\/www.europesays.com\/africa\/wp-json\/wp\/v2\/types\/post"}],"author":[{"embeddable":true,"href":"https:\/\/www.europesays.com\/africa\/wp-json\/wp\/v2\/users\/2"}],"replies":[{"embeddable":true,"href":"https:\/\/www.europesays.com\/africa\/wp-json\/wp\/v2\/comments?post=14096"}],"version-history":[{"count":0,"href":"https:\/\/www.europesays.com\/africa\/wp-json\/wp\/v2\/posts\/14096\/revisions"}],"wp:featuredmedia":[{"embeddable":true,"href":"https:\/\/www.europesays.com\/africa\/wp-json\/wp\/v2\/media\/14097"}],"wp:attachment":[{"href":"https:\/\/www.europesays.com\/africa\/wp-json\/wp\/v2\/media?parent=14096"}],"wp:term":[{"taxonomy":"category","embeddable":true,"href":"https:\/\/www.europesays.com\/africa\/wp-json\/wp\/v2\/categories?post=14096"},{"taxonomy":"post_tag","embeddable":true,"href":"https:\/\/www.europesays.com\/africa\/wp-json\/wp\/v2\/tags?post=14096"}],"curies":[{"name":"wp","href":"https:\/\/api.w.org\/{rel}","templated":true}]}}