{"id":14221,"date":"2026-01-09T23:52:21","date_gmt":"2026-01-09T23:52:21","guid":{"rendered":"https:\/\/www.europesays.com\/africa\/14221\/"},"modified":"2026-01-09T23:52:21","modified_gmt":"2026-01-09T23:52:21","slug":"voici-nimbus-le-chat-injouable-aux-pronostics-devenu-viral","status":"publish","type":"post","link":"https:\/\/www.europesays.com\/africa\/14221\/","title":{"rendered":"voici Nimbus, le chat injouable aux pronostics devenu viral"},"content":{"rendered":"<p>Paul le poulpe a trouv\u00e9 son successeur. Le fameux mollusque marin <a href=\"https:\/\/www.ouest-france.fr\/sciences\/animaux\/lhistoire-insolite-de-paul-le-poulpe-qui-pronostiquait-les-matchs-de-football-171b0cfa-2e21-11ee-a253-37b3a3f3a3d8\" target=\"_blank\" rel=\"nofollow noopener\">rendu c\u00e9l\u00e8bre pour ses pronostics lors de la Coupe du monde 2010<\/a> en a visiblement inspir\u00e9 certains. Ces derniers jours, un chat nomm\u00e9 Nimbus fait le buzz sur Instagram pour ses pr\u00e9dictions sur la Coupe d\u2019Afrique des nations.<\/p>\n<p>Son compte, devenu viral, a attir\u00e9 pr\u00e8s de 500\u00a0000\u00a0abonn\u00e9s. Le principe\u00a0: placer deux gamelles avec un nom de s\u00e9lection pour chacune d\u2019entre elles, et observer o\u00f9 se dirige le f\u00e9lin.<\/p>\n<p>        100\u00a0% de bons pronostics en huiti\u00e8mes<\/p>\n<p>Nimbus Pronos a vu juste pour les huiti\u00e8mes de finale, avec 100\u00a0% de bons r\u00e9sultats. Le chat, qui avait notamment pr\u00e9dit les qualifications de l\u2019Alg\u00e9rie face \u00e0 la RD Congo et du Cameroun contre l\u2019Afrique du Sud, s\u2019est prononc\u00e9 pour les quarts de finale. Poursuivra-t-il sa folle s\u00e9rie\u00a0?<\/p>\n<p>Les pronostics de Nimbus ne plairont en tout cas pas aux superstitieux fans des Fennecs, puisqu\u2019il mise sur une qualification du Nigeria samedi.<\/p>\n<p>Lire aussi\u00a0:\u00a0<a href=\"https:\/\/www.ouest-france.fr\/sport\/football\/coupe-d-afrique-des-nations\/maroc-cameroun-un-changement-darbitre-qui-fait-jaser-la-polemique-enfle-avant-le-quart-de-la-can-d28d07c4-ed21-11f0-a051-5e965463f148\" target=\"_blank\" rel=\"nofollow noopener\">Maroc &#8211; Cameroun. Un changement d\u2019arbitre qui fait jaser\u00a0: la pol\u00e9mique enfle avant le quart de la CAN<\/a><\/p>\n<p>Selon le f\u00e9lin, les Super Eagles d\u00e9fieront le S\u00e9n\u00e9gal qui, selon lui, sortira le Mali en quart. Ses pr\u00e9dictions imaginent \u00e9galement le Maroc se hisser dans le dernier carr\u00e9 apr\u00e8s avoir \u00e9limin\u00e9 le Cameroun. Le pays h\u00f4te retrouverait, selon ses pronostics, l\u2019\u00c9gypte, qui fera tomber la C\u00f4te d\u2019Ivoire.<\/p>\n","protected":false},"excerpt":{"rendered":"Paul le poulpe a trouv\u00e9 son successeur. Le fameux mollusque marin rendu c\u00e9l\u00e8bre pour ses pronostics lors de&hellip;\n","protected":false},"author":2,"featured_media":14222,"comment_status":"","ping_status":"","sticky":false,"template":"","format":"standard","meta":{"footnotes":""},"categories":[62],"tags":[4057,64,940,311,310],"class_list":{"0":"post-14221","1":"post","2":"type-post","3":"status-publish","4":"format-standard","5":"has-post-thumbnail","7":"category-afrique","8":"tag-actualite-en-continu","9":"tag-afrique","10":"tag-coupe-dafrique-des-nations","11":"tag-football","12":"tag-sport"},"share_on_mastodon":{"url":"","error":""},"_links":{"self":[{"href":"https:\/\/www.europesays.com\/africa\/wp-json\/wp\/v2\/posts\/14221","targetHints":{"allow":["GET"]}}],"collection":[{"href":"https:\/\/www.europesays.com\/africa\/wp-json\/wp\/v2\/posts"}],"about":[{"href":"https:\/\/www.europesays.com\/africa\/wp-json\/wp\/v2\/types\/post"}],"author":[{"embeddable":true,"href":"https:\/\/www.europesays.com\/africa\/wp-json\/wp\/v2\/users\/2"}],"replies":[{"embeddable":true,"href":"https:\/\/www.europesays.com\/africa\/wp-json\/wp\/v2\/comments?post=14221"}],"version-history":[{"count":0,"href":"https:\/\/www.europesays.com\/africa\/wp-json\/wp\/v2\/posts\/14221\/revisions"}],"wp:featuredmedia":[{"embeddable":true,"href":"https:\/\/www.europesays.com\/africa\/wp-json\/wp\/v2\/media\/14222"}],"wp:attachment":[{"href":"https:\/\/www.europesays.com\/africa\/wp-json\/wp\/v2\/media?parent=14221"}],"wp:term":[{"taxonomy":"category","embeddable":true,"href":"https:\/\/www.europesays.com\/africa\/wp-json\/wp\/v2\/categories?post=14221"},{"taxonomy":"post_tag","embeddable":true,"href":"https:\/\/www.europesays.com\/africa\/wp-json\/wp\/v2\/tags?post=14221"}],"curies":[{"name":"wp","href":"https:\/\/api.w.org\/{rel}","templated":true}]}}