{"id":14244,"date":"2026-01-10T00:09:22","date_gmt":"2026-01-10T00:09:22","guid":{"rendered":"https:\/\/www.europesays.com\/africa\/14244\/"},"modified":"2026-01-10T00:09:22","modified_gmt":"2026-01-10T00:09:22","slug":"can-2025-malgre-une-entree-en-fin-de-match-du-brestois-kamory-doumbia-le-mali-elimine-par-le-senegal-en-quart-de-finale","status":"publish","type":"post","link":"https:\/\/www.europesays.com\/africa\/14244\/","title":{"rendered":"CAN 2025\u00a0: malgr\u00e9 une entr\u00e9e en fin de match du Brestois Kamory Doumbia, le Mali \u00e9limin\u00e9 par le S\u00e9n\u00e9gal en quart de finale"},"content":{"rendered":"<p>CAN 2025 (quarts de finale). Mali &#8211; S\u00e9n\u00e9gal : 0-1<\/p>\n<p>Fin de parcours pour Kamory Doumbia. Son Mali a \u00e9t\u00e9 \u00e9limin\u00e9 par le S\u00e9n\u00e9gal en quart de finale de la Coupe d\u2019Afrique des Nations, ce vendredi 9 janvier.<\/p>\n<p>Plomb\u00e9s par un but conc\u00e9d\u00e9 dans la premi\u00e8re demi-heure de jeu, et le carton rouge re\u00e7u par leur capitaine Yves Bissouma en fin de premi\u00e8re p\u00e9riode, les Aigles du Mali n\u2019ont pas pu r\u00e9sister aux Lions de la Teranga, comptant parmi les favoris \u00e0 la victoire finale.<\/p>\n<p>Un Kamory Doumbia impuissant<\/p>\n<p>Entr\u00e9 \u00e0 la 82e minute, Kamory Doumbia, n\u2019a pas pu inverser le cours de la partie.<\/p>\n<p><a href=\"https:\/\/www.letelegramme.fr\/sports\/football\/stade-brestois\/de-titulaire-indiscutable-a-remplacant-de-luxe-a-la-can-2025-pourquoi-le-statut-de-kamory-doumbia-a-change-avec-le-mali-6958385.php\" target=\"_blank\" rel=\"nofollow noopener\">Une fin de comp\u00e9tition frustrante<\/a> pour le milieu de terrain du Stade Brestois, qui a d\u00fb se contenter de bouts de matchs : titulaire contre la Zambie et les Comores en poule mais seulement rentr\u00e9 \u00e0 la 90&#8242; dans le choc contre le Maroc en poule, et \u00e0 la 82&#8242; contre le S\u00e9n\u00e9gal en quart. Et ce malgr\u00e9 <a href=\"https:\/\/www.letelegramme.fr\/sports\/football\/stade-brestois\/je-lui-donne-toute-liberte-kamory-doumbia-patron-avec-le-mali-mais-pas-encore-avec-le-stade-brestois-6905727.php\" target=\"_blank\" rel=\"nofollow noopener\">son statut de cadre de la s\u00e9lection<\/a> avant cette CAN 2025.<\/p>\n","protected":false},"excerpt":{"rendered":"CAN 2025 (quarts de finale). Mali &#8211; S\u00e9n\u00e9gal : 0-1 Fin de parcours pour Kamory Doumbia. Son Mali&hellip;\n","protected":false},"author":2,"featured_media":14245,"comment_status":"","ping_status":"","sticky":false,"template":"","format":"standard","meta":{"footnotes":""},"categories":[48],"tags":[9508,3115,311,1216,159,264,3113],"class_list":{"0":"post-14244","1":"post","2":"type-post","3":"status-publish","4":"format-standard","5":"has-post-thumbnail","7":"category-senegal","8":"tag-brest","9":"tag-en-continu-sports","10":"tag-football","11":"tag-ligue-1","12":"tag-senegal","13":"tag-sports","14":"tag-stade-brestois"},"share_on_mastodon":{"url":"","error":""},"_links":{"self":[{"href":"https:\/\/www.europesays.com\/africa\/wp-json\/wp\/v2\/posts\/14244","targetHints":{"allow":["GET"]}}],"collection":[{"href":"https:\/\/www.europesays.com\/africa\/wp-json\/wp\/v2\/posts"}],"about":[{"href":"https:\/\/www.europesays.com\/africa\/wp-json\/wp\/v2\/types\/post"}],"author":[{"embeddable":true,"href":"https:\/\/www.europesays.com\/africa\/wp-json\/wp\/v2\/users\/2"}],"replies":[{"embeddable":true,"href":"https:\/\/www.europesays.com\/africa\/wp-json\/wp\/v2\/comments?post=14244"}],"version-history":[{"count":0,"href":"https:\/\/www.europesays.com\/africa\/wp-json\/wp\/v2\/posts\/14244\/revisions"}],"wp:featuredmedia":[{"embeddable":true,"href":"https:\/\/www.europesays.com\/africa\/wp-json\/wp\/v2\/media\/14245"}],"wp:attachment":[{"href":"https:\/\/www.europesays.com\/africa\/wp-json\/wp\/v2\/media?parent=14244"}],"wp:term":[{"taxonomy":"category","embeddable":true,"href":"https:\/\/www.europesays.com\/africa\/wp-json\/wp\/v2\/categories?post=14244"},{"taxonomy":"post_tag","embeddable":true,"href":"https:\/\/www.europesays.com\/africa\/wp-json\/wp\/v2\/tags?post=14244"}],"curies":[{"name":"wp","href":"https:\/\/api.w.org\/{rel}","templated":true}]}}