{"id":14261,"date":"2026-01-10T00:23:06","date_gmt":"2026-01-10T00:23:06","guid":{"rendered":"https:\/\/www.europesays.com\/africa\/14261\/"},"modified":"2026-01-10T00:23:06","modified_gmt":"2026-01-10T00:23:06","slug":"un-accident-fait-1-mort-et-une-dizaine-de-blesses","status":"publish","type":"post","link":"https:\/\/www.europesays.com\/africa\/14261\/","title":{"rendered":"Un accident fait 1 mort et une dizaine de bless\u00e9s"},"content":{"rendered":"<p>Un mort et 12 bless\u00e9s, dont 04 dans un \u00e9tat grave, c\u2019est le bilan provisoire de l\u2019accident survenu ce vendredi matin \u00e0 hauteur de Gapakh dans la commune de Paoskoto, (d\u00e9partement de Nioro du rip).<\/p>\n<p>\u00a0<\/p>\n<p>Selon une source de Dakaractu Kaolack, un v\u00e9hicule \u00ab Cheikhou Ch\u00e9rifou \u00bb aurait effectu\u00e9 une sortie de route pour des raisons non encore connues.<\/p>\n<p>\u00a0<\/p>\n<p>\u00a0<\/p>\n<p>Alert\u00e9s, les \u00e9l\u00e9ments des sapeurs-pompiers de Kaolack ont \u00e9vacu\u00e9 le corps, ainsi que les bless\u00e9s \u00e0 l\u2019h\u00f4pital r\u00e9gional El Hadji Ibrahima Niass.<\/p>\n","protected":false},"excerpt":{"rendered":"Un mort et 12 bless\u00e9s, dont 04 dans un \u00e9tat grave, c\u2019est le bilan provisoire de l\u2019accident survenu&hellip;\n","protected":false},"author":2,"featured_media":14262,"comment_status":"","ping_status":"","sticky":false,"template":"","format":"standard","meta":{"footnotes":""},"categories":[48],"tags":[64,274,279,273,277,278,271,281,283,272,280,276,275,159,282],"class_list":{"0":"post-14261","1":"post","2":"type-post","3":"status-publish","4":"format-standard","5":"has-post-thumbnail","7":"category-senegal","8":"tag-afrique","9":"tag-aliou-cisse","10":"tag-amadou-ba","11":"tag-apr","12":"tag-bassirou-diomaye-faye","13":"tag-bathelemy-dias","14":"tag-dakar","15":"tag-el-malick-ndiaye","16":"tag-guy-marius-sagna","17":"tag-macky-sall","18":"tag-madiambal-diagne","19":"tag-ousmane-sonko","20":"tag-pastef","21":"tag-senegal","22":"tag-ziguinchor"},"share_on_mastodon":{"url":"","error":""},"_links":{"self":[{"href":"https:\/\/www.europesays.com\/africa\/wp-json\/wp\/v2\/posts\/14261","targetHints":{"allow":["GET"]}}],"collection":[{"href":"https:\/\/www.europesays.com\/africa\/wp-json\/wp\/v2\/posts"}],"about":[{"href":"https:\/\/www.europesays.com\/africa\/wp-json\/wp\/v2\/types\/post"}],"author":[{"embeddable":true,"href":"https:\/\/www.europesays.com\/africa\/wp-json\/wp\/v2\/users\/2"}],"replies":[{"embeddable":true,"href":"https:\/\/www.europesays.com\/africa\/wp-json\/wp\/v2\/comments?post=14261"}],"version-history":[{"count":0,"href":"https:\/\/www.europesays.com\/africa\/wp-json\/wp\/v2\/posts\/14261\/revisions"}],"wp:featuredmedia":[{"embeddable":true,"href":"https:\/\/www.europesays.com\/africa\/wp-json\/wp\/v2\/media\/14262"}],"wp:attachment":[{"href":"https:\/\/www.europesays.com\/africa\/wp-json\/wp\/v2\/media?parent=14261"}],"wp:term":[{"taxonomy":"category","embeddable":true,"href":"https:\/\/www.europesays.com\/africa\/wp-json\/wp\/v2\/categories?post=14261"},{"taxonomy":"post_tag","embeddable":true,"href":"https:\/\/www.europesays.com\/africa\/wp-json\/wp\/v2\/tags?post=14261"}],"curies":[{"name":"wp","href":"https:\/\/api.w.org\/{rel}","templated":true}]}}