{"id":14331,"date":"2026-01-10T01:40:17","date_gmt":"2026-01-10T01:40:17","guid":{"rendered":"https:\/\/www.europesays.com\/africa\/14331\/"},"modified":"2026-01-10T01:40:17","modified_gmt":"2026-01-10T01:40:17","slug":"on-savait-a-quoi-sattendre-la-colere-du-cameroun-contre-larbitrage-apres-un-possible-penalty-non-siffle-contre-le-maroc","status":"publish","type":"post","link":"https:\/\/www.europesays.com\/africa\/14331\/","title":{"rendered":"\u00ab On savait \u00e0 quoi s\u2019attendre \u00bb : la col\u00e8re du Cameroun contre l\u2019arbitrage apr\u00e8s un possible penalty non siffl\u00e9 contre le Maroc"},"content":{"rendered":"<p class=\"paragraph text_align_left lp-f-body-02\">C\u2019est un fait de jeu qui fera parler, sans doute, rager, s\u00fbrement. Ce vendredi soir, le <a href=\"https:\/\/www.leparisien.fr\/sports\/football\/maroc\/\" target=\"_blank\" rel=\"noreferrer nofollow noopener\">Maroc<\/a> s\u2019est qualifi\u00e9 pour les demi-finales de sa <a href=\"https:\/\/www.leparisien.fr\/sports\/football\/coupe-d-afrique-des-nations\/\" target=\"_blank\" rel=\"noreferrer nofollow noopener\">CAN<\/a> aux d\u00e9pends du <a href=\"https:\/\/www.leparisien.fr\/sports\/football\/cameroun\/\" target=\"_blank\" rel=\"noreferrer nofollow noopener\">Cameroun<\/a>, malgr\u00e9 une nouvelle d\u00e9cision arbitrale litigieuse qui aurait pu changer le cours du match.<\/p>\n<p class=\"\">\u00c0 la 68e minute, le Maroc ne m\u00e8ne encore que 1-0 quand Bryan Mbeumo se pr\u00e9sente dans la surface de r\u00e9paration marocaine. Touch\u00e9 au pied par Masina, il s\u2019\u00e9croule dans la surface, mais l\u2019arbitre ne bronche pas. Au ralenti, le contact semble pourtant clair. <\/p>\n<p class=\"\">\u00ab Pendant le match j\u2019ai senti qu\u2019il m\u2019avait touch\u00e9 et apr\u00e8s le match, on m\u2019a remontr\u00e9 les images&#8230; c\u2019est tr\u00e8s tr\u00e8s flagrant, a r\u00e9agi l\u2019attaquant de Manchester United au micro de BeIN Sports \u00e0 la suite de la rencontre. Je ne sais pas quoi dire de plus. Je ne sais pas si ce match se joue sur \u00e7a. (&#8230;) C\u2019\u00e9tait un fait de jeu, et on savait aussi \u00e0 quoi s\u2019attendre. \u00bb <\/p>\n<p class=\"\">\u00ab L\u2019arbitre aurait pu siffler penalty et le match aurait pris une autre tournure \u00bb, a regrett\u00e9 Carlos Baleba, \u00e9galement au micro de BeIN Sports. L\u2019avant-match avait d\u00e9j\u00e0 \u00e9t\u00e9 marqu\u00e9 par <a href=\"https:\/\/www.leparisien.fr\/sports\/football\/coupe-d-afrique-des-nations\/cameroun-maroc-pourquoi-le-mauritanien-dahane-beida-a-t-il-ete-finalement-ete-designe-au-sifflet-alors-quun-autre-arbitre-etait-attendu-08-01-2026-WFH37X26B5D2BNA2Z7T76WTRBM.php\" target=\"_blank\" rel=\"noreferrer nofollow noopener\">une pol\u00e9mique li\u00e9e \u00e0 l\u2019arbitrage<\/a>, et <a href=\"https:\/\/www.leparisien.fr\/sports\/football\/coupe-d-afrique-des-nations\/je-pense-que-cetait-injuste-les-tanzaniens-en-colere-contre-larbitrage-apres-leur-defaite-face-au-maroc-04-01-2026-NNZYRDGEQJBRNAT5AMXJDE6FMY.php\" target=\"_blank\" rel=\"noreferrer nofollow noopener\">le 1\/8e de finale face \u00e0 la Tanzanie a souffert d\u2019un \u00e9pisode similaire<\/a>.<\/p>\n","protected":false},"excerpt":{"rendered":"C\u2019est un fait de jeu qui fera parler, sans doute, rager, s\u00fbrement. Ce vendredi soir, le Maroc s\u2019est&hellip;\n","protected":false},"author":2,"featured_media":14332,"comment_status":"","ping_status":"","sticky":false,"template":"","format":"standard","meta":{"footnotes":""},"categories":[41],"tags":[360,311,158,264],"class_list":{"0":"post-14331","1":"post","2":"type-post","3":"status-publish","4":"format-standard","5":"has-post-thumbnail","7":"category-maroc","8":"tag-can","9":"tag-football","10":"tag-maroc","11":"tag-sports"},"share_on_mastodon":{"url":"","error":""},"_links":{"self":[{"href":"https:\/\/www.europesays.com\/africa\/wp-json\/wp\/v2\/posts\/14331","targetHints":{"allow":["GET"]}}],"collection":[{"href":"https:\/\/www.europesays.com\/africa\/wp-json\/wp\/v2\/posts"}],"about":[{"href":"https:\/\/www.europesays.com\/africa\/wp-json\/wp\/v2\/types\/post"}],"author":[{"embeddable":true,"href":"https:\/\/www.europesays.com\/africa\/wp-json\/wp\/v2\/users\/2"}],"replies":[{"embeddable":true,"href":"https:\/\/www.europesays.com\/africa\/wp-json\/wp\/v2\/comments?post=14331"}],"version-history":[{"count":0,"href":"https:\/\/www.europesays.com\/africa\/wp-json\/wp\/v2\/posts\/14331\/revisions"}],"wp:featuredmedia":[{"embeddable":true,"href":"https:\/\/www.europesays.com\/africa\/wp-json\/wp\/v2\/media\/14332"}],"wp:attachment":[{"href":"https:\/\/www.europesays.com\/africa\/wp-json\/wp\/v2\/media?parent=14331"}],"wp:term":[{"taxonomy":"category","embeddable":true,"href":"https:\/\/www.europesays.com\/africa\/wp-json\/wp\/v2\/categories?post=14331"},{"taxonomy":"post_tag","embeddable":true,"href":"https:\/\/www.europesays.com\/africa\/wp-json\/wp\/v2\/tags?post=14331"}],"curies":[{"name":"wp","href":"https:\/\/api.w.org\/{rel}","templated":true}]}}