{"id":14344,"date":"2026-01-10T01:53:06","date_gmt":"2026-01-10T01:53:06","guid":{"rendered":"https:\/\/www.europesays.com\/africa\/14344\/"},"modified":"2026-01-10T01:53:06","modified_gmt":"2026-01-10T01:53:06","slug":"la-replique-salee-siteu-au-gouverneur-de-dakar-video","status":"publish","type":"post","link":"https:\/\/www.europesays.com\/africa\/14344\/","title":{"rendered":"La r\u00e9plique sal\u00e9e Siteu au gouverneur de Dakar (vid\u00e9o)"},"content":{"rendered":"<p class=\"firstp\">Le lutteur Moustapha Senghor, plus connu sous le nom de Siteu, est sorti de son silence apr\u00e8s les r\u00e9centes d\u00e9clarations du ministre de l\u2019Int\u00e9rieur sur la recrudescence des agressions dites \u00ab simol \u00bb. Chef de file de l\u2019\u00e9curie Lansar, il a r\u00e9agi \u00e0 l\u2019indexation du monde de la lutte dans ce ph\u00e9nom\u00e8ne d\u2019ins\u00e9curit\u00e9 grandissante.<\/p>\n<p>Face \u00e0 la mont\u00e9e des agressions et du racket de masse, le ministre de l\u2019Int\u00e9rieur, Mouhamadou Bamba Ciss\u00e9, a affich\u00e9 une ligne de fermet\u00e9, allant jusqu\u2019\u00e0 menacer de sanctions les acteurs de la lutte s\u00e9n\u00e9galaise si leur implication \u00e9tait av\u00e9r\u00e9e. Une posture s\u00e9curitaire que Siteu dit comprendre et m\u00eame saluer, dans la mesure o\u00f9 la protection des citoyens reste une priorit\u00e9.\n<\/p>\n<p>Toutefois, le lutteur d\u00e9nonce une stigmatisation cibl\u00e9e qu\u2019il juge injuste. Selon des propos, <a href=\"https:\/\/www.senenews.com\/actualites\/sport\/lamb-sport\/mars-2026-duo-explosif-pour-le-lutteur-siteu_571445.html\" rel=\"nofollow noopener\" target=\"_blank\">Siteu<\/a> estime que le \u00ab lamb \u00bb ne saurait \u00eatre le seul point\u00e9 du doigt, alors que d\u2019autres grands rassemblements populaires, comme les matchs de nav\u00e9tanes ou certains \u00e9v\u00e9nements religieux, peuvent eux aussi \u00eatre le th\u00e9\u00e2tre de d\u00e9bordements.\n<\/p>\n<p>Au-del\u00e0 des mesures r\u00e9pressives, le fils de la banlieue invite \u00e0 s\u2019attaquer aux racines du mal. Il met notamment en cause le ch\u00f4mage end\u00e9mique des jeunes, aggrav\u00e9 selon lui par des promesses politiques non tenues, cr\u00e9ant un terrain propice \u00e0 la d\u00e9linquance urbaine. Pour Siteu, seule une r\u00e9ponse globale, alliant s\u00e9curit\u00e9 et politiques sociales efficaces, permettra d\u2019endiguer durablement ce fl\u00e9au.<\/p>\n","protected":false},"excerpt":{"rendered":"Le lutteur Moustapha Senghor, plus connu sous le nom de Siteu, est sorti de son silence apr\u00e8s les&hellip;\n","protected":false},"author":2,"featured_media":14345,"comment_status":"","ping_status":"","sticky":false,"template":"","format":"standard","meta":{"footnotes":""},"categories":[48],"tags":[5599,159,163,4189,9362,9569],"class_list":{"0":"post-14344","1":"post","2":"type-post","3":"status-publish","4":"format-standard","5":"has-post-thumbnail","7":"category-senegal","8":"tag-lamb","9":"tag-senegal","10":"tag-senegal-actualites","11":"tag-senenews-tv","12":"tag-siteu","13":"tag-smol"},"share_on_mastodon":{"url":"","error":""},"_links":{"self":[{"href":"https:\/\/www.europesays.com\/africa\/wp-json\/wp\/v2\/posts\/14344","targetHints":{"allow":["GET"]}}],"collection":[{"href":"https:\/\/www.europesays.com\/africa\/wp-json\/wp\/v2\/posts"}],"about":[{"href":"https:\/\/www.europesays.com\/africa\/wp-json\/wp\/v2\/types\/post"}],"author":[{"embeddable":true,"href":"https:\/\/www.europesays.com\/africa\/wp-json\/wp\/v2\/users\/2"}],"replies":[{"embeddable":true,"href":"https:\/\/www.europesays.com\/africa\/wp-json\/wp\/v2\/comments?post=14344"}],"version-history":[{"count":0,"href":"https:\/\/www.europesays.com\/africa\/wp-json\/wp\/v2\/posts\/14344\/revisions"}],"wp:featuredmedia":[{"embeddable":true,"href":"https:\/\/www.europesays.com\/africa\/wp-json\/wp\/v2\/media\/14345"}],"wp:attachment":[{"href":"https:\/\/www.europesays.com\/africa\/wp-json\/wp\/v2\/media?parent=14344"}],"wp:term":[{"taxonomy":"category","embeddable":true,"href":"https:\/\/www.europesays.com\/africa\/wp-json\/wp\/v2\/categories?post=14344"},{"taxonomy":"post_tag","embeddable":true,"href":"https:\/\/www.europesays.com\/africa\/wp-json\/wp\/v2\/tags?post=14344"}],"curies":[{"name":"wp","href":"https:\/\/api.w.org\/{rel}","templated":true}]}}