{"id":14376,"date":"2026-01-10T02:21:06","date_gmt":"2026-01-10T02:21:06","guid":{"rendered":"https:\/\/www.europesays.com\/africa\/14376\/"},"modified":"2026-01-10T02:21:06","modified_gmt":"2026-01-10T02:21:06","slug":"le-procureur-reclame-trois-ans-de-prison-pour-c-doumbouya","status":"publish","type":"post","link":"https:\/\/www.europesays.com\/africa\/14376\/","title":{"rendered":"le procureur r\u00e9clame trois ans de prison pour C. Doumbouya"},"content":{"rendered":"<p class=\"firstp\">C. Doumbouya pourrait \u00eatre condamn\u00e9 \u00e0 trois ans de prison ferme si le juge du tribunal des flagrants d\u00e9lits de Thi\u00e8s suit les r\u00e9quisitoires du procureur de la R\u00e9publique. Il est poursuivi pour coups et blessures volontaires et d\u00e9tention ill\u00e9gale d\u2019arme, dans le cadre d\u2019une affaire o\u00f9 il aurait poignard\u00e9 son grand fr\u00e8re, A. Doumbouya.<\/p>\n<p>Selon la partie civile, l\u2019incident r\u00e9sulte d\u2019un diff\u00e9rend familial ayant d\u00e9g\u00e9n\u00e9r\u00e9. La victime a d\u00e9clar\u00e9 que son fr\u00e8re l\u2019aurait attaqu\u00e9 avec un couteau apr\u00e8s une dispute li\u00e9e \u00e0 sa consommation de chanvre indien et de \u201cguinz\u201d au domicile familial. \u00ab Mon fr\u00e8re passe son temps \u00e0 consommer du chanvre indien ou du \u201cguinz\u201d dans la maison. \u00c0 cause de cette drogue, il s\u00e8me le d\u00e9sordre. Quand j\u2019ai voulu le recadrer, il a saisi un couteau et m\u2019a donn\u00e9 un coup au bras \u00bb, a expliqu\u00e9 A. Doumbouya. Il a pr\u00e9cis\u00e9 avoir perdu connaissance et s\u2019\u00eatre r\u00e9veill\u00e9 chez les sapeurs-pompiers apr\u00e8s l\u2019agression.\n<\/p>\n<p>Le pr\u00e9venu a reconnu s\u2019\u00eatre veng\u00e9 avec un couteau mais a tent\u00e9 de minimiser les faits, qualifiant l\u2019altercation d\u2019\u00e9change de coups.<\/p>\n<p>Le procureur de la R\u00e9publique a estim\u00e9 C. Doumbouya coupable des faits reproch\u00e9s et a requis trois ans de prison ferme. Le d\u00e9lib\u00e9r\u00e9 du tribunal est attendu prochainement.<\/p>\n","protected":false},"excerpt":{"rendered":"C. Doumbouya pourrait \u00eatre condamn\u00e9 \u00e0 trois ans de prison ferme si le juge du tribunal des flagrants&hellip;\n","protected":false},"author":2,"featured_media":6624,"comment_status":"","ping_status":"","sticky":false,"template":"","format":"standard","meta":{"footnotes":""},"categories":[48],"tags":[9586,159,163,239,4499],"class_list":{"0":"post-14376","1":"post","2":"type-post","3":"status-publish","4":"format-standard","5":"has-post-thumbnail","7":"category-senegal","8":"tag-c-doumbouya","9":"tag-senegal","10":"tag-senegal-actualites","11":"tag-societe","12":"tag-thies"},"share_on_mastodon":{"url":"","error":""},"_links":{"self":[{"href":"https:\/\/www.europesays.com\/africa\/wp-json\/wp\/v2\/posts\/14376","targetHints":{"allow":["GET"]}}],"collection":[{"href":"https:\/\/www.europesays.com\/africa\/wp-json\/wp\/v2\/posts"}],"about":[{"href":"https:\/\/www.europesays.com\/africa\/wp-json\/wp\/v2\/types\/post"}],"author":[{"embeddable":true,"href":"https:\/\/www.europesays.com\/africa\/wp-json\/wp\/v2\/users\/2"}],"replies":[{"embeddable":true,"href":"https:\/\/www.europesays.com\/africa\/wp-json\/wp\/v2\/comments?post=14376"}],"version-history":[{"count":0,"href":"https:\/\/www.europesays.com\/africa\/wp-json\/wp\/v2\/posts\/14376\/revisions"}],"wp:featuredmedia":[{"embeddable":true,"href":"https:\/\/www.europesays.com\/africa\/wp-json\/wp\/v2\/media\/6624"}],"wp:attachment":[{"href":"https:\/\/www.europesays.com\/africa\/wp-json\/wp\/v2\/media?parent=14376"}],"wp:term":[{"taxonomy":"category","embeddable":true,"href":"https:\/\/www.europesays.com\/africa\/wp-json\/wp\/v2\/categories?post=14376"},{"taxonomy":"post_tag","embeddable":true,"href":"https:\/\/www.europesays.com\/africa\/wp-json\/wp\/v2\/tags?post=14376"}],"curies":[{"name":"wp","href":"https:\/\/api.w.org\/{rel}","templated":true}]}}