{"id":1440,"date":"2026-01-03T23:39:37","date_gmt":"2026-01-03T23:39:37","guid":{"rendered":"https:\/\/www.europesays.com\/africa\/1440\/"},"modified":"2026-01-03T23:39:37","modified_gmt":"2026-01-03T23:39:37","slug":"au-moins-41-jeunes-hommes-meurent-en-afrique-du-sud-suite-a-des-circoncisions-pratiquees-lors-de-rites-de-passage","status":"publish","type":"post","link":"https:\/\/www.europesays.com\/africa\/1440\/","title":{"rendered":"Au moins 41 jeunes hommes meurent en Afrique du Sud suite \u00e0 des circoncisions pratiqu\u00e9es lors de rites de passage"},"content":{"rendered":"<p class=\"paragraph text_align_left lp-f-body-02\">Au moins 41 jeunes hommes sont morts des suites de <a href=\"https:\/\/www.leparisien.fr\/val-d-oise-95\/val-doise-un-circonciseur-poursuivi-pour-exercice-illegal-de-la-medecine-10-07-2024-O27ENBHP3BECXMHXAC2IAMKQOI.php\" target=\"_blank\" rel=\"noreferrer nofollow noopener\">circoncisions pratiqu\u00e9es<\/a> dans le cadre de c\u00e9r\u00e9monies traditionnelles en Afrique du Sud en novembre et d\u00e9cembre, ont d\u00e9clar\u00e9 les autorit\u00e9s mardi.<\/p>\n<p class=\"\">Les c\u00e9r\u00e9monies d\u2019initiation sont <a href=\"https:\/\/www.leparisien.fr\/faits-divers\/gironde-deux-medecins-suspendus-apres-un-deces-et-des-blessures-lies-a-des-circoncisions-rituelles-27-05-2025-NSL37ZK7WREI7G4HLDY25SKBUY.php\" target=\"_blank\" rel=\"noreferrer nofollow noopener\">un rite de passage \u00e0 l\u2019\u00e2ge adulte<\/a> pour les jeunes hommes, pratiqu\u00e9 chaque ann\u00e9e par diff\u00e9rents groupes ethniques en Afrique, notamment dans certaines r\u00e9gions d\u2019<a href=\"https:\/\/www.leparisien.fr\/international\/ukraine\/guerre-en-ukraine-lafrique-du-sud-lancee-dans-un-processus-de-sauvetage-de-17-ressortissants-enroles-de-force-par-la-russie-18-12-2025-D7JAB54SH5FU5NCUEOWDXZYH2Q.php\" target=\"_blank\" rel=\"noreferrer nofollow noopener\">Afrique du Sud<\/a>. Parmi eux figurent les communaut\u00e9s Xhosa, Ndebele, Sotho et Venda.<\/p>\n<p class=\"\">Traditionnellement, les jeunes hommes sont plac\u00e9s dans des \u00e9coles d\u2019initiation o\u00f9 on leur enseigne les valeurs culturelles et les responsabilit\u00e9s li\u00e9es \u00e0 leur passage \u00e0 l\u2019\u00e2ge adulte. La circoncision, rite initiatique, entra\u00eene chaque ann\u00e9e la mort de certains initi\u00e9s, obligeant le gouvernement \u00e0 intervenir par voie l\u00e9gislative.<\/p>\n<p class=\"\">La loi oblige les \u00e9coles d\u2019initiation \u00e0 s\u2019enregistrer aupr\u00e8s des autorit\u00e9s, mais cela n\u2019a pas emp\u00each\u00e9 la prolif\u00e9ration d\u2019\u00e9coles d\u2019initiation ill\u00e9gales o\u00f9 de nombreux d\u00e9c\u00e8s sont signal\u00e9s.<\/p>\n<p class=\"lp-card-podcast-highlighting__title  lp-f-subtitle-05\">Affaire Saizelet\u00a0: un meurtre inspir\u00e9 par la s\u00e9rie \u00ab\u00a0Columbo\u00a0\u00bb<\/p>\n<p><a class=\"lp-card-podcast-highlighting__call-to-action\" data-page-type=\"HP\" data-block-name=\"podcast-highlight\">\u00c9couter<\/a><\/p>\n<p class=\"\">Les parents doivent payer pour que leurs enfants soient admis \u00e0 l\u2019\u00e9cole d\u2019initiation pour la p\u00e9riode prescrite, ce qui constitue pour certains une motivation financi\u00e8re pour cr\u00e9er une \u00e9cole d\u2019initiation non enregistr\u00e9e. Les p\u00e9riodes d\u2019initiation se d\u00e9roulent g\u00e9n\u00e9ralement pendant les vacances scolaires d\u2019hiver (juin et juillet) et d\u2019\u00e9t\u00e9 (novembre et d\u00e9cembre).<\/p>\n<p>\u00ab Une n\u00e9gligence en mati\u00e8re de respect des normes sanitaires \u00bb<\/p>\n<p class=\"\">Le <a href=\"https:\/\/www.leparisien.fr\/international\/afrique-du-sud-le-ministre-des-sports-dans-la-tourmente-apres-avoir-utilise-un-terme-raciste-sur-les-reseaux-sociaux-21-08-2025-ZNZY2WTNKZECXCIQIMBMGJINUA.php\" target=\"_blank\" rel=\"noreferrer nofollow noopener\">ministre sud-africain<\/a> des Affaires traditionnelles, Velenkosini Hlabisa, a d\u00e9clar\u00e9 mardi aux m\u00e9dias locaux que 41 jeunes initi\u00e9s \u00e9taient d\u00e9c\u00e9d\u00e9s lors des rites d\u2019initiation de cet \u00e9t\u00e9. Il a imput\u00e9 ces d\u00e9c\u00e8s \u00e0 la n\u00e9gligence des \u00e9coles d\u2019initiation, y compris celles qui sont agr\u00e9\u00e9es, ainsi qu\u2019\u00e0 celle des parents, qui n\u2019ont pas respect\u00e9 les normes de s\u00e9curit\u00e9 ni les recommandations m\u00e9dicales. Selon lui, certains conseils non prouv\u00e9s souvent donn\u00e9s aux jeunes hommes consistent \u00e0 \u00e9viter de boire de l\u2019eau pour gu\u00e9rir plus vite.<\/p>\n<p class=\"\">\u00ab Dans certaines \u00e9coles d\u2019initiation, on constate une n\u00e9gligence en mati\u00e8re de respect des normes sanitaires. Si vous y inscrivez votre enfant et que vous n\u2019assurez aucun suivi, aucune surveillance, si vous ne v\u00e9rifiez pas s\u2019il boit de l\u2019eau, vous le mettez en danger \u00bb, a-t-il d\u00e9clar\u00e9.<\/p>\n<p class=\"\">La province du Cap-Oriental a \u00e9t\u00e9 identifi\u00e9e comme un foyer de d\u00e9c\u00e8s parmi les jeunes initi\u00e9s, avec un total de 21 d\u00e9c\u00e8s \u00e0 ce jour.<\/p>\n<p class=\"\">Velenkosini Hlabisa a d\u00e9clar\u00e9 que 41 personnes avaient \u00e9t\u00e9 arr\u00eat\u00e9es en lien avec des \u00e9coles d\u2019initiation ill\u00e9gales, notamment des parents qui avaient fourni des \u00e2ges erron\u00e9s pour l\u2019admission de leurs enfants. Seuls les enfants \u00e2g\u00e9s de 16 ans et plus peuvent \u00eatre admis dans une \u00e9cole d\u2019initiation avec le consentement de leurs parents, conform\u00e9ment \u00e0 la loi sud-africaine.<\/p>\n","protected":false},"excerpt":{"rendered":"Au moins 41 jeunes hommes sont morts des suites de circoncisions pratiqu\u00e9es dans le cadre de c\u00e9r\u00e9monies traditionnelles&hellip;\n","protected":false},"author":2,"featured_media":1441,"comment_status":"","ping_status":"","sticky":false,"template":"","format":"standard","meta":{"footnotes":""},"categories":[62],"tags":[64,1601],"class_list":{"0":"post-1440","1":"post","2":"type-post","3":"status-publish","4":"format-standard","5":"has-post-thumbnail","7":"category-afrique","8":"tag-afrique","9":"tag-faits-divers"},"share_on_mastodon":{"url":"","error":""},"_links":{"self":[{"href":"https:\/\/www.europesays.com\/africa\/wp-json\/wp\/v2\/posts\/1440","targetHints":{"allow":["GET"]}}],"collection":[{"href":"https:\/\/www.europesays.com\/africa\/wp-json\/wp\/v2\/posts"}],"about":[{"href":"https:\/\/www.europesays.com\/africa\/wp-json\/wp\/v2\/types\/post"}],"author":[{"embeddable":true,"href":"https:\/\/www.europesays.com\/africa\/wp-json\/wp\/v2\/users\/2"}],"replies":[{"embeddable":true,"href":"https:\/\/www.europesays.com\/africa\/wp-json\/wp\/v2\/comments?post=1440"}],"version-history":[{"count":0,"href":"https:\/\/www.europesays.com\/africa\/wp-json\/wp\/v2\/posts\/1440\/revisions"}],"wp:featuredmedia":[{"embeddable":true,"href":"https:\/\/www.europesays.com\/africa\/wp-json\/wp\/v2\/media\/1441"}],"wp:attachment":[{"href":"https:\/\/www.europesays.com\/africa\/wp-json\/wp\/v2\/media?parent=1440"}],"wp:term":[{"taxonomy":"category","embeddable":true,"href":"https:\/\/www.europesays.com\/africa\/wp-json\/wp\/v2\/categories?post=1440"},{"taxonomy":"post_tag","embeddable":true,"href":"https:\/\/www.europesays.com\/africa\/wp-json\/wp\/v2\/tags?post=1440"}],"curies":[{"name":"wp","href":"https:\/\/api.w.org\/{rel}","templated":true}]}}